{"id":166901,"date":"2020-05-01T06:49:55","date_gmt":"2020-05-01T09:49:55","guid":{"rendered":"https:\/\/www.caririemacao.com\/1\/?p=166901"},"modified":"2020-05-01T06:49:57","modified_gmt":"2020-05-01T09:49:57","slug":"tecnico-da-1a-divisao-do-brasileirao-vira-consultor-de-bolsonaro","status":"publish","type":"post","link":"https:\/\/www.caririemacao.com\/1\/2020\/05\/01\/tecnico-da-1a-divisao-do-brasileirao-vira-consultor-de-bolsonaro\/","title":{"rendered":"T\u00e9cnico da 1\u00aa divis\u00e3o do Brasileir\u00e3o vira consultor de Bolsonaro"},"content":{"rendered":"\n<h1 class=\"wp-block-heading\"><\/h1>\n\n\n\n<p> Renato Ga\u00facho virou uma esp\u00e9cie de consultor informal de Jair Bolsonaro sobre o futebol brasileiro. O treinador do Gr\u00eamio foi procurado pelo presidente da Rep\u00fablica na semana passada para falar sobre o retorno de treinos e jogos no pa\u00eds. A posi\u00e7\u00e3o de Portaluppi foi clara: n\u00e3o \u00e9 hora de for\u00e7ar a volta da rotina nos clubes e campeonatos.<\/p>\n\n\n\n<p>Bolsonaro e Renato conversaram por telefone no final da semana passada. O presidente chegou a mencionar a conversa em entrevista concedida na segunda-feira (27), quando citou personagens do futebol contatadas, mas n\u00e3o havia revelado quem era do outro lado da linha.<\/p>\n\n\n\n<p>A revela\u00e7\u00e3o foi feita por Ga\u00fachaZH e confirmada ao UOL Esporte.<\/p>\n\n\n\n<p>Renato Ga\u00facho chegou a amea\u00e7ar liderar greve no futebol brasileiro quando do avan\u00e7o da pandemia do novo coronav\u00edrus. A declara\u00e7\u00e3o foi dada ap\u00f3s jogo contra o S\u00e3o Luiz-RS, pelo Gauch\u00e3o, em 15 de mar\u00e7o. No dia seguinte, a Federa\u00e7\u00e3o Ga\u00facha de Futebol paralisou o campeonato.<\/p>\n\n\n\n<p>Bolsonaro ouviu de Renato que \u00e9 invi\u00e1vel o retorno dos treinos agora, mesmo diante de protocolos de preven\u00e7\u00e3o. A circula\u00e7\u00e3o de um grande n\u00famero de pessoas nas instala\u00e7\u00f5es do clube \u00e9 um dos motivos. Outro \u00e9 o confronto em campo contra advers\u00e1rios que podem n\u00e3o ter testado para a Covid-19.<\/p>\n\n\n\n<p>A ideia geral \u00e9 que o nome de Portaluppi foi buscado por se tratar de um treinador da primeira divis\u00e3o, ex-jogador e que se posicionou recentemente sobre a pandemia.<\/p>\n\n\n\n<p>Renato Ga\u00facho mant\u00e9m amizade com Jair Bolsonaro h\u00e1 tempos. O treinador do Gr\u00eamio e o presidente se aproximaram durante a elei\u00e7\u00e3o de 2018 e de l\u00e1 para c\u00e1 afinaram o contato a ponto de se falarem \u2018quase toda semana\u2019, segundo pessoas pr\u00f3ximas de ambos.<\/p>\n\n\n\n<p>Recentemente, Renato, inclusive, enviou uma camisa do Gr\u00eamio de presente ao amigo.<\/p>\n\n\n\n<p>Bolsonaro ouviu Renato abrir voto durante a elei\u00e7\u00e3o, e um interlocutor foi respons\u00e1vel por fazer o contato. No ano passado, o presidente chegou a ensaiar presen\u00e7a em jogo do Gr\u00eamio para atender convite do treinador.<\/p>\n","protected":false},"excerpt":{"rendered":"<p>Renato Ga\u00facho virou uma esp\u00e9cie de consultor informal de Jair Bolsonaro sobre o futebol brasileiro. O treinador do Gr\u00eamio foi procurado pelo presidente da Rep\u00fablica&hellip; <\/p>\n","protected":false},"author":2,"featured_media":166902,"comment_status":"closed","ping_status":"closed","sticky":false,"template":"","format":"standard","meta":{"sfsi_plus_gutenberg_text_before_share":"","sfsi_plus_gutenberg_show_text_before_share":"","sfsi_plus_gutenberg_icon_type":"","sfsi_plus_gutenberg_icon_alignemt":"","sfsi_plus_gutenburg_max_per_row":"","footnotes":""},"categories":[2],"tags":[],"class_list":["post-166901","post","type-post","status-publish","format-standard","has-post-thumbnail","hentry","category-geral"],"_links":{"self":[{"href":"https:\/\/www.caririemacao.com\/1\/wp-json\/wp\/v2\/posts\/166901","targetHints":{"allow":["GET"]}}],"collection":[{"href":"https:\/\/www.caririemacao.com\/1\/wp-json\/wp\/v2\/posts"}],"about":[{"href":"https:\/\/www.caririemacao.com\/1\/wp-json\/wp\/v2\/types\/post"}],"author":[{"embeddable":true,"href":"https:\/\/www.caririemacao.com\/1\/wp-json\/wp\/v2\/users\/2"}],"replies":[{"embeddable":true,"href":"https:\/\/www.caririemacao.com\/1\/wp-json\/wp\/v2\/comments?post=166901"}],"version-history":[{"count":1,"href":"https:\/\/www.caririemacao.com\/1\/wp-json\/wp\/v2\/posts\/166901\/revisions"}],"predecessor-version":[{"id":166903,"href":"https:\/\/www.caririemacao.com\/1\/wp-json\/wp\/v2\/posts\/166901\/revisions\/166903"}],"wp:featuredmedia":[{"embeddable":true,"href":"https:\/\/www.caririemacao.com\/1\/wp-json\/wp\/v2\/media\/166902"}],"wp:attachment":[{"href":"https:\/\/www.caririemacao.com\/1\/wp-json\/wp\/v2\/media?parent=166901"}],"wp:term":[{"taxonomy":"category","embeddable":true,"href":"https:\/\/www.caririemacao.com\/1\/wp-json\/wp\/v2\/categories?post=166901"},{"taxonomy":"post_tag","embeddable":true,"href":"https:\/\/www.caririemacao.com\/1\/wp-json\/wp\/v2\/tags?post=166901"}],"curies":[{"name":"wp","href":"https:\/\/api.w.org\/{rel}","templated":true}]}}