{"id":166905,"date":"2020-05-01T07:02:59","date_gmt":"2020-05-01T10:02:59","guid":{"rendered":"https:\/\/www.caririemacao.com\/1\/?p=166905"},"modified":"2020-05-01T07:03:01","modified_gmt":"2020-05-01T10:03:01","slug":"lider-de-faccao-criminosa-da-paraiba-e-preso-no-rio-grande-do-norte","status":"publish","type":"post","link":"https:\/\/www.caririemacao.com\/1\/2020\/05\/01\/lider-de-faccao-criminosa-da-paraiba-e-preso-no-rio-grande-do-norte\/","title":{"rendered":"L\u00edder de fac\u00e7\u00e3o criminosa da Para\u00edba \u00e9 preso no Rio Grande do Norte"},"content":{"rendered":"\n<h1 class=\"wp-block-heading\"><\/h1>\n\n\n\n<p>No munic\u00edpio de Patu, localizado no Rio Grande do Norte, foi preso nessa quarta-feira (29) um dos l\u00edderes de uma fac\u00e7\u00e3o criminosa que atua na cidade de Catol\u00e9 do Rocha, que fica localizada no Sert\u00e3o da Para\u00edba.<\/p>\n\n\n\n<p>O homem \u00e9 suspeito de ser o autor de dois homic\u00eddios na cidade do Sert\u00e3o paraibano.<\/p>\n\n\n\n<p>Tamb\u00e9m foi preso outro homem, que confessou ter participado dos assassinatos na cidade.<\/p>\n","protected":false},"excerpt":{"rendered":"<p>No munic\u00edpio de Patu, localizado no Rio Grande do Norte, foi preso nessa quarta-feira (29) um dos l\u00edderes de uma fac\u00e7\u00e3o criminosa que atua na&hellip; <\/p>\n","protected":false},"author":2,"featured_media":166906,"comment_status":"closed","ping_status":"closed","sticky":false,"template":"","format":"standard","meta":{"sfsi_plus_gutenberg_text_before_share":"","sfsi_plus_gutenberg_show_text_before_share":"","sfsi_plus_gutenberg_icon_type":"","sfsi_plus_gutenberg_icon_alignemt":"","sfsi_plus_gutenburg_max_per_row":"","footnotes":""},"categories":[12],"tags":[],"class_list":["post-166905","post","type-post","status-publish","format-standard","has-post-thumbnail","hentry","category-policia"],"_links":{"self":[{"href":"https:\/\/www.caririemacao.com\/1\/wp-json\/wp\/v2\/posts\/166905","targetHints":{"allow":["GET"]}}],"collection":[{"href":"https:\/\/www.caririemacao.com\/1\/wp-json\/wp\/v2\/posts"}],"about":[{"href":"https:\/\/www.caririemacao.com\/1\/wp-json\/wp\/v2\/types\/post"}],"author":[{"embeddable":true,"href":"https:\/\/www.caririemacao.com\/1\/wp-json\/wp\/v2\/users\/2"}],"replies":[{"embeddable":true,"href":"https:\/\/www.caririemacao.com\/1\/wp-json\/wp\/v2\/comments?post=166905"}],"version-history":[{"count":1,"href":"https:\/\/www.caririemacao.com\/1\/wp-json\/wp\/v2\/posts\/166905\/revisions"}],"predecessor-version":[{"id":166907,"href":"https:\/\/www.caririemacao.com\/1\/wp-json\/wp\/v2\/posts\/166905\/revisions\/166907"}],"wp:featuredmedia":[{"embeddable":true,"href":"https:\/\/www.caririemacao.com\/1\/wp-json\/wp\/v2\/media\/166906"}],"wp:attachment":[{"href":"https:\/\/www.caririemacao.com\/1\/wp-json\/wp\/v2\/media?parent=166905"}],"wp:term":[{"taxonomy":"category","embeddable":true,"href":"https:\/\/www.caririemacao.com\/1\/wp-json\/wp\/v2\/categories?post=166905"},{"taxonomy":"post_tag","embeddable":true,"href":"https:\/\/www.caririemacao.com\/1\/wp-json\/wp\/v2\/tags?post=166905"}],"curies":[{"name":"wp","href":"https:\/\/api.w.org\/{rel}","templated":true}]}}