{"id":166909,"date":"2020-05-01T07:05:55","date_gmt":"2020-05-01T10:05:55","guid":{"rendered":"https:\/\/www.caririemacao.com\/1\/?p=166909"},"modified":"2020-05-01T07:05:57","modified_gmt":"2020-05-01T10:05:57","slug":"apos-postar-musica-de-dua-lipa-na-sanfona-paraibana-lucy-alves-e-escolhida-pela-cantora-britanica-para-abertura-de-video-oficial","status":"publish","type":"post","link":"https:\/\/www.caririemacao.com\/1\/2020\/05\/01\/apos-postar-musica-de-dua-lipa-na-sanfona-paraibana-lucy-alves-e-escolhida-pela-cantora-britanica-para-abertura-de-video-oficial\/","title":{"rendered":"Ap\u00f3s postar m\u00fasica de Dua Lipa, na sanfona, paraibana Lucy Alves \u00e9 escolhida pela cantora brit\u00e2nica para abertura de v\u00eddeo oficial"},"content":{"rendered":"\n<h1 class=\"wp-block-heading\"><\/h1>\n\n\n\n<p>A paraibana Lucy Alves foi inserida em um v\u00eddeo da cantora Dua Lipa. A brit\u00e2nica usou uma grava\u00e7\u00e3o que Lucy postou sem maiores inten\u00e7\u00f5es no Twitter, em mar\u00e7o, interpretando &#8216;Break My Heart&#8217; com a sanfona. O material de Dua Lipa divulgado ontem (29) \u00e9 uma &#8216;rea\u00e7\u00e3o&#8217; ao clipe de &#8216;Break My Heart&#8217;.<\/p>\n\n\n\n<p>No &#8216;official reactions video&#8217; foram apresentadas as participa\u00e7\u00f5es dos f\u00e3s. Lucy Alves foi inserida logo no in\u00edcio do v\u00eddeo tocando a m\u00fasica na sanfona.<\/p>\n\n\n\n<p>&#8216;Break My Heart&#8217; tem clipe com mais de 69,2 milh\u00f5es, at\u00e9 \u00e0s 14h25 desta quinta-feira (30), no Youtube. Ela faz parte do novo \u00e1lbum de Dua Lipa, &#8216;Future Nostalgia&#8217;.<\/p>\n\n\n\n<figure><iframe width=\"900\" height=\"506\" data-src=\"https:\/\/www.youtube.com\/embed\/hVlw4gOSfBg\" allowfullscreen=\"\" src=\"data:image\/svg+xml;base64,PHN2ZyB3aWR0aD0iMSIgaGVpZ2h0PSIxIiB4bWxucz0iaHR0cDovL3d3dy53My5vcmcvMjAwMC9zdmciPjwvc3ZnPg==\" class=\"lazyload\" data-load-mode=\"1\"><\/iframe><\/figure>\n\n\n","protected":false},"excerpt":{"rendered":"<p>A paraibana Lucy Alves foi inserida em um v\u00eddeo da cantora Dua Lipa. A brit\u00e2nica usou uma grava\u00e7\u00e3o que Lucy postou sem maiores inten\u00e7\u00f5es no&hellip; <\/p>\n","protected":false},"author":2,"featured_media":166910,"comment_status":"closed","ping_status":"closed","sticky":false,"template":"","format":"standard","meta":{"sfsi_plus_gutenberg_text_before_share":"","sfsi_plus_gutenberg_show_text_before_share":"","sfsi_plus_gutenberg_icon_type":"","sfsi_plus_gutenberg_icon_alignemt":"","sfsi_plus_gutenburg_max_per_row":"","footnotes":""},"categories":[2],"tags":[],"class_list":["post-166909","post","type-post","status-publish","format-standard","has-post-thumbnail","hentry","category-geral"],"_links":{"self":[{"href":"https:\/\/www.caririemacao.com\/1\/wp-json\/wp\/v2\/posts\/166909","targetHints":{"allow":["GET"]}}],"collection":[{"href":"https:\/\/www.caririemacao.com\/1\/wp-json\/wp\/v2\/posts"}],"about":[{"href":"https:\/\/www.caririemacao.com\/1\/wp-json\/wp\/v2\/types\/post"}],"author":[{"embeddable":true,"href":"https:\/\/www.caririemacao.com\/1\/wp-json\/wp\/v2\/users\/2"}],"replies":[{"embeddable":true,"href":"https:\/\/www.caririemacao.com\/1\/wp-json\/wp\/v2\/comments?post=166909"}],"version-history":[{"count":1,"href":"https:\/\/www.caririemacao.com\/1\/wp-json\/wp\/v2\/posts\/166909\/revisions"}],"predecessor-version":[{"id":166911,"href":"https:\/\/www.caririemacao.com\/1\/wp-json\/wp\/v2\/posts\/166909\/revisions\/166911"}],"wp:featuredmedia":[{"embeddable":true,"href":"https:\/\/www.caririemacao.com\/1\/wp-json\/wp\/v2\/media\/166910"}],"wp:attachment":[{"href":"https:\/\/www.caririemacao.com\/1\/wp-json\/wp\/v2\/media?parent=166909"}],"wp:term":[{"taxonomy":"category","embeddable":true,"href":"https:\/\/www.caririemacao.com\/1\/wp-json\/wp\/v2\/categories?post=166909"},{"taxonomy":"post_tag","embeddable":true,"href":"https:\/\/www.caririemacao.com\/1\/wp-json\/wp\/v2\/tags?post=166909"}],"curies":[{"name":"wp","href":"https:\/\/api.w.org\/{rel}","templated":true}]}}