{"id":166917,"date":"2020-05-01T07:14:06","date_gmt":"2020-05-01T10:14:06","guid":{"rendered":"https:\/\/www.caririemacao.com\/1\/?p=166917"},"modified":"2020-05-01T07:14:08","modified_gmt":"2020-05-01T10:14:08","slug":"secretaria-de-saude-explica-que-diferenca-de-preco-dos-respiradores-da-paraiba-e-minas-gerais-e-pela-qualidade-do-produto-transporte-manutencao-e-baterias","status":"publish","type":"post","link":"https:\/\/www.caririemacao.com\/1\/2020\/05\/01\/secretaria-de-saude-explica-que-diferenca-de-preco-dos-respiradores-da-paraiba-e-minas-gerais-e-pela-qualidade-do-produto-transporte-manutencao-e-baterias\/","title":{"rendered":"Secretaria de Sa\u00fade explica que diferen\u00e7a de pre\u00e7o dos respiradores da Para\u00edba e Minas Gerais \u00e9 pela qualidade do produto, transporte, manuten\u00e7\u00e3o e baterias"},"content":{"rendered":"\n<h1 class=\"wp-block-heading\"><\/h1>\n\n\n\n<p>A Secretaria de Sa\u00fade da Para\u00edba emitiu nota em que esclarece sobre o valor dos respiradores comprados pelo Estado. Ap\u00f3s questionamentos em redes sociais sobre a diferen\u00e7a do custo em rela\u00e7\u00e3o a Minas Gerais, a SES informou que o transporte dos respiradores, os servi\u00e7os de manuten\u00e7\u00e3o e a inclus\u00e3o de baterias resultam na diferen\u00e7a de pre\u00e7o da aquisi\u00e7\u00e3o feita pelo Governo de Minas.<\/p>\n\n\n\n<p>Na nota, a Secretaria de Sa\u00fade da Para\u00edba disse que tem duas miss\u00f5es: combater o coronav\u00edrus e tamb\u00e9m a dissemina\u00e7\u00e3o de fake news &#8220;que pessoas sem comprometimento com a sociedade e sem amor ao pr\u00f3ximo, transformaram em uma macabra pr\u00e1tica de guerra para tentar desestabilizar as autoridades que tomaram posi\u00e7\u00e3o pelo isolamento social recomendado pela OMS.&#8221;<\/p>\n\n\n\n<p><strong>Veja a nota na integra<\/strong><\/p>\n\n\n\n<figure class=\"wp-block-image\"><img decoding=\"async\" data-src=\"https:\/\/www.clickpb.com.br\/media\/filer_public\/07\/c9\/07c95f61-6733-4770-8c56-be5607c71a6b\/secretaria_de_saude_explica_que_diferenca_de_preco_dos_respiradores_da_paraiba_e_minas_gerais_e_pela_qualidade_do_produto_transporte_manutencao_e_baterias.jpeg\" alt=\"\" src=\"data:image\/svg+xml;base64,PHN2ZyB3aWR0aD0iMSIgaGVpZ2h0PSIxIiB4bWxucz0iaHR0cDovL3d3dy53My5vcmcvMjAwMC9zdmciPjwvc3ZnPg==\" class=\"lazyload\" \/><\/figure>\n\n\n\n<p><em>SECRETARIA DE ESTADO DA SA\u00daDE<\/em><\/p>\n\n\n\n<p><em>NOTA<\/em><\/p>\n\n\n\n<p><em>Sa\u00fade do Estado explica compra dos respiradores e qualidade do produto adquirido<br>A Secretaria de Estado da Sa\u00fade vem a p\u00fablico esclarecer not\u00edcias com postagens na internet comparando o valor dos respiradores pulmonares que est\u00e3o sendo adquiridos na Para\u00edba com os equipamentos comprados pelo Governo de Minas Gerais. O transporte dos respiradores, servi\u00e7os de manuten\u00e7\u00e3o e inclus\u00e3o de baterias s\u00e3o alguns dos itens que constam no contrato de compra e que resultam, tamb\u00e9m, na diferen\u00e7a de pre\u00e7os dos produtos adquiridos pela Para\u00edba.<\/em><\/p>\n\n\n\n<p><em>A Para\u00edba tem um plano de conting\u00eancia que prev\u00ea a abertura gradual de leitos, \u00e0 medida que a doen\u00e7a avan\u00e7a no nosso estado. Para isso, planejamos a compra de respiradores, de forma que os fornecedores pudessem nos atender dentro de certo prazo estabelecido.<\/em><\/p>\n\n\n\n<p><em>A Para\u00edba comprou, ainda em mar\u00e7o, 54 respiradores ao pre\u00e7o unit\u00e1rio de R$ 52 mil, valor inclusive menor do que o Governo de Minas, que est\u00e1 sendo usado como par\u00e2metro para a nossa compra. S\u00f3 que essa compra foi &#8220;confiscada&#8221; pelo Minist\u00e9rio da Sa\u00fade,&nbsp; que reteve toda a mercadoria do pa\u00eds para ser redistribu\u00edda pelo Governo Federal.<\/em><\/p>\n\n\n\n<p><em>Enquanto isso, o mundo inteiro assistiu \u00e0 falta de equipamentos no mercado internacional. Todos os pa\u00edses ampliaram suas tentativas de compras de respiradores e outros equipamentos m\u00e9dicos. Assistimos, inclusive, aos EUA confiscar toda compra realizada pelo Brasil. E ainda, neste mesmo per\u00edodo, o d\u00f3lar disparou e chegou ao maior valor da hist\u00f3ria. N\u00e3o precisa lembrar que o produto em quest\u00e3o \u00e9 totalmente dolarizado.<\/em><\/p>\n\n\n\n<p><em>Diante disso, a Para\u00edba, junto com os outros estados do Nordeste, se uniram para fazer uma compra \u00fanica, pelo Cons\u00f3rcio, o que possibilita maiores garantias legais. Ent\u00e3o,&nbsp; aceitamos as condi\u00e7\u00f5es do mercado e realizamos uma nova compra, de 30 unidades, com valor unit\u00e1rio atualizado de R$ 164 mil. Estes respiradores ser\u00e3o entregues neste fim de semana, e nos permitir\u00e3o abrir a segunda onda programada, quando passaremos a ter 191 leitos de UTI exclusivos para Covid-19.<\/em><\/p>\n\n\n\n<p><em>Em 15 dias, chegar\u00e3o mais 75 unidades de respiradores, tamb\u00e9m adquiridos junto com os outros estados do Nordeste. Ressaltamos, ainda, que a qualidade e as especifica\u00e7\u00f5es desses produtos s\u00e3o muitos superiores aos adquiridos em Minas quando o d\u00f3lar estava com um c\u00e2mbio menor diante do real.<\/em><\/p>\n\n\n\n<p><em>Sobre as diferen\u00e7as entre os nossos respiradores adquiridos e os de MG, podemos destacar ainda o seguinte:<\/em><\/p>\n\n\n\n<p><em>1. MG optou pela compra FOB (free on board), ou seja, ter\u00e1 de retirar o produto junto ao fornecedor e transportar para c\u00e1. J\u00e1 na nossa compra a entrega ser\u00e1 feita aqui na Para\u00edba;<\/em><\/p>\n\n\n\n<p><em>3. Compra de MG n\u00e3o prev\u00ea manuten\u00e7\u00e3o pelo vendedor, enquanto a nossa est\u00e1 prevista em contrato por 12 meses;<\/em><\/p>\n\n\n\n<p><em>3- No valor pago por MG n\u00e3o est\u00e1 previsto que os respiradores venham com bateria para garantir funcionamento em caso de queda de energia. Os nossos, sim.<\/em><\/p>\n\n\n\n<p><em>\u00c9 muito importante que a gente n\u00e3o perca o foco do combate ao Coronav\u00edrus. Todos os paraibanos importam e salvar a vida das pessoas sempre ser\u00e1 nossa prioridade. Realizaremos tudo com a m\u00e1xima transpar\u00eancia e responsabilidade.<\/em><\/p>\n\n\n\n<p><em>Temos uma dupla miss\u00e3o neste grave momento: combater o coronav\u00edrus e tamb\u00e9m a dissemina\u00e7\u00e3o das fakenews, que pessoas sem comprometimento com a sociedade e sem amor ao pr\u00f3ximo, transformaram em uma macabra pr\u00e1tica de guerra para tentar desestabilizar as autoridades que tomaram posi\u00e7\u00e3o pelo isolamento social recomendado pela OMS.<\/em><\/p>\n","protected":false},"excerpt":{"rendered":"<p>A Secretaria de Sa\u00fade da Para\u00edba emitiu nota em que esclarece sobre o valor dos respiradores comprados pelo Estado. Ap\u00f3s questionamentos em redes sociais sobre&hellip; <\/p>\n","protected":false},"author":2,"featured_media":166918,"comment_status":"closed","ping_status":"closed","sticky":false,"template":"","format":"standard","meta":{"sfsi_plus_gutenberg_text_before_share":"","sfsi_plus_gutenberg_show_text_before_share":"","sfsi_plus_gutenberg_icon_type":"","sfsi_plus_gutenberg_icon_alignemt":"","sfsi_plus_gutenburg_max_per_row":"","footnotes":""},"categories":[16],"tags":[],"class_list":["post-166917","post","type-post","status-publish","format-standard","has-post-thumbnail","hentry","category-saude"],"_links":{"self":[{"href":"https:\/\/www.caririemacao.com\/1\/wp-json\/wp\/v2\/posts\/166917","targetHints":{"allow":["GET"]}}],"collection":[{"href":"https:\/\/www.caririemacao.com\/1\/wp-json\/wp\/v2\/posts"}],"about":[{"href":"https:\/\/www.caririemacao.com\/1\/wp-json\/wp\/v2\/types\/post"}],"author":[{"embeddable":true,"href":"https:\/\/www.caririemacao.com\/1\/wp-json\/wp\/v2\/users\/2"}],"replies":[{"embeddable":true,"href":"https:\/\/www.caririemacao.com\/1\/wp-json\/wp\/v2\/comments?post=166917"}],"version-history":[{"count":1,"href":"https:\/\/www.caririemacao.com\/1\/wp-json\/wp\/v2\/posts\/166917\/revisions"}],"predecessor-version":[{"id":166919,"href":"https:\/\/www.caririemacao.com\/1\/wp-json\/wp\/v2\/posts\/166917\/revisions\/166919"}],"wp:featuredmedia":[{"embeddable":true,"href":"https:\/\/www.caririemacao.com\/1\/wp-json\/wp\/v2\/media\/166918"}],"wp:attachment":[{"href":"https:\/\/www.caririemacao.com\/1\/wp-json\/wp\/v2\/media?parent=166917"}],"wp:term":[{"taxonomy":"category","embeddable":true,"href":"https:\/\/www.caririemacao.com\/1\/wp-json\/wp\/v2\/categories?post=166917"},{"taxonomy":"post_tag","embeddable":true,"href":"https:\/\/www.caririemacao.com\/1\/wp-json\/wp\/v2\/tags?post=166917"}],"curies":[{"name":"wp","href":"https:\/\/api.w.org\/{rel}","templated":true}]}}