{"id":166921,"date":"2020-05-01T07:17:59","date_gmt":"2020-05-01T10:17:59","guid":{"rendered":"https:\/\/www.caririemacao.com\/1\/?p=166921"},"modified":"2020-05-01T07:18:01","modified_gmt":"2020-05-01T10:18:01","slug":"covid-19-brasil-passa-dos-85-mil-casos-confirmados","status":"publish","type":"post","link":"https:\/\/www.caririemacao.com\/1\/2020\/05\/01\/covid-19-brasil-passa-dos-85-mil-casos-confirmados\/","title":{"rendered":"Covid-19: Brasil passa dos 85 mil casos confirmados"},"content":{"rendered":"\n<h1 class=\"wp-block-heading\"><\/h1>\n\n\n\n<p>O Brasil chegou a 85.380 pessoas infectadas por covid-19, doen\u00e7a respirat\u00f3ria causada pelo novo coronav\u00edrus. Nas \u00faltimas 24 horas, foram adicionadas \u00e0s estat\u00edsticas mais 7.218 casos, aumento de 9% em rela\u00e7\u00e3o a ontem, quando foram registradas 78.662 mil pessoas nessa condi\u00e7\u00e3o.<\/p>\n\n\n\n<p>Segundo atualiza\u00e7\u00e3o do Minist\u00e9rio da Sa\u00fade divulgada nesta quinta-feira (28), o total de mortes subiu para 5.901. De ontem para hoje, foram registrados 435 novos \u00f3bitos, um aumento de 8% em rela\u00e7\u00e3o a quarta-feira (29), quando foram contabilizados 5.466 falecimentos.<\/p>\n\n\n\n<p>S\u00e3o Paulo se mant\u00e9m como epicentro da pandemia no pa\u00eds, concentrando o maior n\u00famero de falecimentos (2.375). O estado \u00e9 seguido pelo Rio de Janeiro (854), Pernambuco (565), Cear\u00e1 (482) e Amazonas (425).&nbsp;&nbsp;<\/p>\n\n\n\n<p>Al\u00e9m disso, foram registradas mortes no Par\u00e1 (208), Maranh\u00e3o (184), Bahia (104), Paran\u00e1 (83), Esp\u00edrito Santo (83), Minas Gerais (82), Para\u00edba (62), Rio Grande do Norte (56), Rio Grande do Sul (51), Santa Catarina (46), Alagoas (47), Amap\u00e1 (34), Distrito Federal (30), Goi\u00e1s (29), Piau\u00ed (24), Acre (16), Sergipe (12), Rond\u00f4nia (16), Mato Grosso (11), Mato Grosso do Sul (9), Roraima (7) e Tocantins (3).<\/p>\n","protected":false},"excerpt":{"rendered":"<p>O Brasil chegou a 85.380 pessoas infectadas por covid-19, doen\u00e7a respirat\u00f3ria causada pelo novo coronav\u00edrus. Nas \u00faltimas 24 horas, foram adicionadas \u00e0s estat\u00edsticas mais 7.218&hellip; <\/p>\n","protected":false},"author":2,"featured_media":166922,"comment_status":"closed","ping_status":"closed","sticky":false,"template":"","format":"standard","meta":{"sfsi_plus_gutenberg_text_before_share":"","sfsi_plus_gutenberg_show_text_before_share":"","sfsi_plus_gutenberg_icon_type":"","sfsi_plus_gutenberg_icon_alignemt":"","sfsi_plus_gutenburg_max_per_row":"","footnotes":""},"categories":[2],"tags":[],"class_list":["post-166921","post","type-post","status-publish","format-standard","has-post-thumbnail","hentry","category-geral"],"_links":{"self":[{"href":"https:\/\/www.caririemacao.com\/1\/wp-json\/wp\/v2\/posts\/166921","targetHints":{"allow":["GET"]}}],"collection":[{"href":"https:\/\/www.caririemacao.com\/1\/wp-json\/wp\/v2\/posts"}],"about":[{"href":"https:\/\/www.caririemacao.com\/1\/wp-json\/wp\/v2\/types\/post"}],"author":[{"embeddable":true,"href":"https:\/\/www.caririemacao.com\/1\/wp-json\/wp\/v2\/users\/2"}],"replies":[{"embeddable":true,"href":"https:\/\/www.caririemacao.com\/1\/wp-json\/wp\/v2\/comments?post=166921"}],"version-history":[{"count":1,"href":"https:\/\/www.caririemacao.com\/1\/wp-json\/wp\/v2\/posts\/166921\/revisions"}],"predecessor-version":[{"id":166923,"href":"https:\/\/www.caririemacao.com\/1\/wp-json\/wp\/v2\/posts\/166921\/revisions\/166923"}],"wp:featuredmedia":[{"embeddable":true,"href":"https:\/\/www.caririemacao.com\/1\/wp-json\/wp\/v2\/media\/166922"}],"wp:attachment":[{"href":"https:\/\/www.caririemacao.com\/1\/wp-json\/wp\/v2\/media?parent=166921"}],"wp:term":[{"taxonomy":"category","embeddable":true,"href":"https:\/\/www.caririemacao.com\/1\/wp-json\/wp\/v2\/categories?post=166921"},{"taxonomy":"post_tag","embeddable":true,"href":"https:\/\/www.caririemacao.com\/1\/wp-json\/wp\/v2\/tags?post=166921"}],"curies":[{"name":"wp","href":"https:\/\/api.w.org\/{rel}","templated":true}]}}