{"id":166925,"date":"2020-05-01T07:30:01","date_gmt":"2020-05-01T10:30:01","guid":{"rendered":"https:\/\/www.caririemacao.com\/1\/?p=166925"},"modified":"2020-05-01T07:30:03","modified_gmt":"2020-05-01T10:30:03","slug":"alcolumbre-condiciona-socorro-a-estados-a-congelamento-de-salarios-de-servidores","status":"publish","type":"post","link":"https:\/\/www.caririemacao.com\/1\/2020\/05\/01\/alcolumbre-condiciona-socorro-a-estados-a-congelamento-de-salarios-de-servidores\/","title":{"rendered":"Alcolumbre condiciona socorro a estados a congelamento de sal\u00e1rios de servidores"},"content":{"rendered":"\n<h1 class=\"wp-block-heading\"><\/h1>\n\n\n\n<p>O presidente do Senado, Davi Alcolumbre (DEM-AP), apresentou nesta quinta-feira (30) uma nova vers\u00e3o do projeto que estabelece um socorro financeiro a estados e munic\u00edpios durante a pandemia do novo coronav\u00edrus.<\/p>\n\n\n\n<p>O texto condiciona a libera\u00e7\u00e3o de recursos aos governos locais ao congelamento do sal\u00e1rio de servidores p\u00fablicos at\u00e9 31 de dezembro de 2021.<\/p>\n\n\n\n<p>Entre outras medidas, o projeto diz que a Uni\u00e3o, os estados, o Distrito Federal e os munic\u00edpios afetados pela calamidade p\u00fablica decorrente da pandemia do Covid-19 ficam proibidos de:<\/p>\n\n\n\n<ul class=\"wp-block-list\"><li>&#8220;conceder a qualquer t\u00edtulo, vantagem, aumento, reajuste ou adequa\u00e7\u00e3o de remunera\u00e7\u00e3o de membros de Poder ou de \u00f3rg\u00e3o, de servidores e empregados p\u00fablicos e militares, exceto quando derivado de senten\u00e7a judicial transitada em julgado ou de determina\u00e7\u00e3o legal anterior \u00e0 calamidade p\u00fablica;<\/li><li>criar cargo, emprego ou fun\u00e7\u00e3o que implique aumento de despesa;<\/li><li>alterar estrutura de carreira que implique aumento de despesa&#8221;.<\/li><\/ul>\n\n\n\n<p>De acordo com a nova proposta, a Uni\u00e3o entregar\u00e1, na forma de aux\u00edlio financeiro, aos Estados, Distrito Federal e Munic\u00edpios, em quatro parcelas mensais e iguais, R$ 60 bilh\u00f5es para aplica\u00e7\u00e3o em a\u00e7\u00f5es de enfrentamento \u00e0 Covid-19 e seus efeitos financeiros.<\/p>\n\n\n\n<p>Este valor \u00e9 menor do que previa a proposta aprovada na C\u00e2mara sobre o mesmo tema. Para justificar a redu\u00e7\u00e3o, o presidente do Senado citou em seu relat\u00f3rio que a d\u00edvida p\u00fablica consolidada do Brasil est\u00e1 em torno de 80% do PIB, o que reduz a capacidade de endividamento.<\/p>\n\n\n\n<p>&#8220;Por mais que concordemos que a Covid-19 imp\u00f4s restri\u00e7\u00f5es financeiras graves aos estados e munic\u00edpios, n\u00e3o podemos ignorar que as contas da Uni\u00e3o tamb\u00e9m sofreram impacto da pandemia&#8221;, justificou Alcolumbre.<\/p>\n\n\n\n<p>O presidente do Senado tamb\u00e9m disse n\u00e3o concordar com o crit\u00e9rio de rateio do dinheiro proposto pela C\u00e2mara. Na vers\u00e3o dos deputados, os recursos seriam repassados de acordo com a queda na arrecada\u00e7\u00e3o de impostos. Para Alcolumbre, o modelo favorece estados munic\u00edpios mais ricos, ou seja, aqueles que mais arrecadam.<\/p>\n\n\n\n<p>&#8220;Com esse objetivo, fomos a campo para negociar com o governo um montante justo e suficiente para auxiliar os Estados, Distrito Federal e Munic\u00edpios a passar pela crise com capacidade financeira para desenvolver as a\u00e7\u00f5es de sa\u00fade e assist\u00eancia que nos permita enfrentar e combater essa terr\u00edvel doen\u00e7a. E, para tanto, chegamos a um valor total de R$ 60 bilh\u00f5es, pagos em quatro presta\u00e7\u00f5es mensais, iguais e sucessivas&#8221;, afirmou Alcolumbre no relat\u00f3rio.<\/p>\n\n\n\n<p>Al\u00e9m deste repasse, a vers\u00e3o apresentada por Alcolumbre estabelece a suspens\u00e3o do pagamentos das d\u00edvidas contratadas entre Uni\u00e3o, estados, Distrito Federal e Munic\u00edpios e a restrutura\u00e7\u00e3o das opera\u00e7\u00f5es de cr\u00e9dito interno e externo dos entes junto a institui\u00e7\u00f5es financeiras.<\/p>\n\n\n\n<p><strong>Crit\u00e9rios de divis\u00e3o do dinheiro &#8211;&nbsp;<\/strong>O projeto estabelece que, dos R$ 60 bilh\u00f5es previstos a estados e munic\u00edpios, R$ 10 bilh\u00f5es sejam destinados a a\u00e7\u00f5es na \u00e1rea da sa\u00fade e assist\u00eancia social:<\/p>\n\n\n\n<ul class=\"wp-block-list\"><li>R$ 7 bilh\u00f5es ser\u00e3o repassado aos estados. O crit\u00e9rio de divis\u00e3o ser\u00e1 uma f\u00f3rmula que considera taxa de incid\u00eancia da Covid-2019 (60% de peso) e popula\u00e7\u00e3o (40% de peso);<\/li><li>R$ 3 bilh\u00f5es aos munic\u00edpios. O crit\u00e9rio de distribui\u00e7\u00e3o ser\u00e1 o tamanho da popula\u00e7\u00e3o.<\/li><\/ul>\n\n\n\n<p>A proposta determina que os outros R$ 50 bilh\u00f5es ser\u00e3o entregues metade para estados e ao Distrito Federal, metade para os munic\u00edpios.<\/p>\n\n\n\n<p><strong>Pelo projeto, os estados ter\u00e3o direito \u00e0 seguinte fatia dos R$ 25 bilh\u00f5es:<\/strong>&nbsp; &nbsp; &nbsp; &nbsp; &nbsp; &nbsp;&nbsp;<\/p>\n\n\n\n<ul class=\"wp-block-list\"><li>Acre &#8211; R$ 165.297.338,05<\/li><li>Alagoas &#8211; R$ 343.640.407,66<\/li><li>Amap\u00e1 &#8211; R$ 133.829.571,56<\/li><li>Amazonas &#8211; R$ 521.928.489,91<\/li><li>Bahia &#8211; R$ 1.390.411.064,02<\/li><li>Cear\u00e1 &#8211; R$ 765.684.452,39<\/li><li>Distrito Federal &#8211; R$ 388.848.130,68<\/li><li>Esp\u00edrito Santo &#8211; R$ 593.651.101,46<\/li><li>Goi\u00e1s &#8211; R$ 952.147.992,94<\/li><li>Maranh\u00e3o &#8211; R$ 609.975.915,74<\/li><li>Mato Grosso &#8211; R$ 1.121.700.508,51<\/li><li>Mato Grosso do Sul &#8211; R$ 518.091.984,18<\/li><li>Minas Gerais &#8211; R$ 2.495.326.775,59<\/li><li>Par\u00e1 &#8211; R$ 913.403.172,54<\/li><li><strong>Para\u00edba &#8211; R$ 373.420.425,55<\/strong>&nbsp; &nbsp; &nbsp; &nbsp; &nbsp; &nbsp;&nbsp;<\/li><li>Paran\u00e1 &#8211; R$ 1.430.878.884,20<\/li><li>Pernambuco &#8211; R$ 897.981.470,25<\/li><li>Piau\u00ed &#8211; R$ 334.006.694,61<\/li><li>Rio de Janeiro &#8211; R$ 1.673.519.769,80<\/li><li>Rio Grande do Norte &#8211; R$ 368.546.659,12<\/li><li>Rio Grande do Sul &#8211; R$ 1.621.147.551,82<\/li><li>Rond\u00f4nia &#8211; R$ 279.335.655,45<\/li><li>Roraima &#8211; R$ 122.669.208,65<\/li><li>Santa Catarina &#8211; R$ 959.242.069,89<\/li><li>S\u00e3o Paulo &#8211; R$ 5.513.592.514,91<\/li><li>Sergipe &#8211; R$ 261.291.459,97<\/li><li>Tocantins &#8211; R$ 250.430.730,55<\/li><\/ul>\n\n\n\n<p>Segundo o relat\u00f3rio do presidente do Senado, a divis\u00e3o acima \u00e9 uma fun\u00e7\u00e3o de vari\u00e1veis como arrecada\u00e7\u00e3o do ICMS, popula\u00e7\u00e3o, cota-parte do Fundo de Participa\u00e7\u00e3o dos Estados (FPE) e valores recebidos a t\u00edtulo contrapartida pelo n\u00e3o recebimento de tributos sobre bens e servi\u00e7os exportados.<\/p>\n\n\n\n<p>Crit\u00e9rio semelhante foi usado na divis\u00e3o dos R$ 25 bilh\u00f5es destinados aos munic\u00edpios, destacou o presidente do Senado.<\/p>\n\n\n\n<p>&#8220;A indexa\u00e7\u00e3o de parte do aux\u00edlio emergencial ao n\u00famero de indiv\u00edduos que testaram positivo para a Covid-19 estimula a aplica\u00e7\u00e3o de um maior n\u00famero de testes, essencial para desenhar a estrat\u00e9gia mais adequada de enfrentamento \u00e0 pandemia. Ao mesmo tempo, a distribui\u00e7\u00e3o de acordo com a popula\u00e7\u00e3o tem por objetivo privilegiar os entes que, potencialmente, ter\u00e3o maior n\u00famero absoluto de infectados e doentes&#8221;, ressalta o relat\u00f3rio.<\/p>\n\n\n\n<p><strong>Projeto da C\u00e2mara &#8211;&nbsp;<\/strong>O projeto apresentado por Alcolumbre nesta quinta teve o aval da equipe econ\u00f4mica e \u00e9 uma vers\u00e3o alternativa ao texto aprovado na C\u00e2mara dos Deputados h\u00e1 pouco mais de 15 dias (veja no v\u00eddeo abaixo).<\/p>\n\n\n\n<p>Na proposta original, a ajuda aos entes federados estava vinculada \u00e0 queda do recolhimento de ICMS e o ISS. Isso desagradou a equipe econ\u00f4mica. Para o ministro da Economia, Paulo Guedes, a recomposi\u00e7\u00e3o integral das perdas de arrecada\u00e7\u00e3o seria um &#8220;cheque em branco&#8221; aos estados mais ricos.<\/p>\n\n\n\n<p>Al\u00e9m desta recomposi\u00e7\u00e3o que, segundo c\u00e1lculos dos deputados, somaria R$ 80 bilh\u00f5es em seis meses, a proposta da C\u00e2mara previa a suspens\u00e3o do pagamento da d\u00edvida dos estados com bancos p\u00fablicos, chegando a um impacto fiscal total de R$ 89,6 bilh\u00f5es. Para a equipe econ\u00f4mica, o impacto seria de ao menos R$ 93 bilh\u00f5es.<\/p>\n\n\n\n<p>O governo fez cr\u00edticas ao texto aprovado pelos deputados por entender que n\u00e3o havia exig\u00eancia de contrapartidas em troca da recomposi\u00e7\u00e3o dos impostos, al\u00e9m de prejudicar estados das regi\u00f5es Norte e Nordeste, que normalmente arrecadam menos.<\/p>\n\n\n\n<p>Assim, o governo articulou mudan\u00e7as no projeto, que ficou sob relatoria do presidente do Senado.<\/p>\n\n\n\n<p>Alcolumbre fixou em seu parecer que a reposi\u00e7\u00e3o dos recursos perdidos pelos estados e munic\u00edpios com os impostos ser\u00e1 compensada por quatro meses e n\u00e3o seis, como estava no texto original.<\/p>\n\n\n\n<p>De acordo com o presidente do Senado, a Casa pode votar no texto em sess\u00e3o virtual j\u00e1 no s\u00e1bado (2). Se aprovado, seguir\u00e1 para an\u00e1lise dos deputados na C\u00e2mara.<\/p>\n\n\n\n<p><strong>Suspens\u00e3o de d\u00edvidas &#8211;&nbsp;<\/strong>Conforme o relat\u00f3rio, estados e munic\u00edpios poder\u00e3o suspender o pagamento de d\u00edvidas com a Uni\u00e3o entre 31 de mar\u00e7o e 31 de dezembro deste ano. Os valores que n\u00e3o forem quitados ser\u00e3o incorporados ao saldo devedor em 1\u00ba de janeiro de 2022. O projeto blinda estados e munic\u00edpios de uma eventual inscri\u00e7\u00e3o em cadastros de inadimplentes.<\/p>\n\n\n\n<p>A regra ter\u00e1 efeito tamb\u00e9m para d\u00edvidas anteriores a mar\u00e7o que tenham sido suspensas por decis\u00f5es judiciais, desde que o ente retire a a\u00e7\u00e3o da justi\u00e7a.<\/p>\n\n\n\n<p><strong>Reestrutura\u00e7\u00e3o do cr\u00e9dito &#8211;&nbsp;<\/strong>O texto estabelece que estados e munic\u00edpios tamb\u00e9m poder\u00e3o renegociar suas d\u00edvidas, dom\u00e9sticas e externas, junto a institui\u00e7\u00f5es financeiras. A condi\u00e7\u00e3o imposta, neste caso, \u00e9 a manuten\u00e7\u00e3o das condi\u00e7\u00f5es financeiras previstas no contrato original.<\/p>\n\n\n\n<p>&#8220;Para viabilizar o aditamento de contratos de d\u00edvida, bem como o aumento de despesas para fazer frente \u00e0 mitiga\u00e7\u00e3o dos efeitos do Coronav\u00edrus, o substitutivo afasta algumas das condi\u00e7\u00f5es exigidas na LRF&#8221;, afirmou Alcolumbre em seu relat\u00f3rio.<\/p>\n\n\n\n<p>Ele citou como exemplo a dispensa da apresenta\u00e7\u00e3o de medidas de compensa\u00e7\u00e3o em casos de aumento de despesas ou de ren\u00fancia de receitas.<\/p>\n\n\n\n<p>&#8220;O afastamento de exig\u00eancias da LRF, contudo, ser\u00e1 restrito a atos de gest\u00e3o or\u00e7ament\u00e1ria e financeira necess\u00e1rias ao atendimento do Programa e se d\u00e1 sem preju\u00edzo da atua\u00e7\u00e3o de \u00f3rg\u00e3os de fiscaliza\u00e7\u00e3o e controle&#8221;, acrescentou o presidente do Senado.<\/p>\n","protected":false},"excerpt":{"rendered":"<p>O presidente do Senado, Davi Alcolumbre (DEM-AP), apresentou nesta quinta-feira (30) uma nova vers\u00e3o do projeto que estabelece um socorro financeiro a estados e munic\u00edpios&hellip; <\/p>\n","protected":false},"author":2,"featured_media":166926,"comment_status":"closed","ping_status":"closed","sticky":false,"template":"","format":"standard","meta":{"sfsi_plus_gutenberg_text_before_share":"","sfsi_plus_gutenberg_show_text_before_share":"","sfsi_plus_gutenberg_icon_type":"","sfsi_plus_gutenberg_icon_alignemt":"","sfsi_plus_gutenburg_max_per_row":"","footnotes":""},"categories":[50,2],"tags":[],"class_list":["post-166925","post","type-post","status-publish","format-standard","has-post-thumbnail","hentry","category-destaque","category-geral"],"_links":{"self":[{"href":"https:\/\/www.caririemacao.com\/1\/wp-json\/wp\/v2\/posts\/166925","targetHints":{"allow":["GET"]}}],"collection":[{"href":"https:\/\/www.caririemacao.com\/1\/wp-json\/wp\/v2\/posts"}],"about":[{"href":"https:\/\/www.caririemacao.com\/1\/wp-json\/wp\/v2\/types\/post"}],"author":[{"embeddable":true,"href":"https:\/\/www.caririemacao.com\/1\/wp-json\/wp\/v2\/users\/2"}],"replies":[{"embeddable":true,"href":"https:\/\/www.caririemacao.com\/1\/wp-json\/wp\/v2\/comments?post=166925"}],"version-history":[{"count":1,"href":"https:\/\/www.caririemacao.com\/1\/wp-json\/wp\/v2\/posts\/166925\/revisions"}],"predecessor-version":[{"id":166927,"href":"https:\/\/www.caririemacao.com\/1\/wp-json\/wp\/v2\/posts\/166925\/revisions\/166927"}],"wp:featuredmedia":[{"embeddable":true,"href":"https:\/\/www.caririemacao.com\/1\/wp-json\/wp\/v2\/media\/166926"}],"wp:attachment":[{"href":"https:\/\/www.caririemacao.com\/1\/wp-json\/wp\/v2\/media?parent=166925"}],"wp:term":[{"taxonomy":"category","embeddable":true,"href":"https:\/\/www.caririemacao.com\/1\/wp-json\/wp\/v2\/categories?post=166925"},{"taxonomy":"post_tag","embeddable":true,"href":"https:\/\/www.caririemacao.com\/1\/wp-json\/wp\/v2\/tags?post=166925"}],"curies":[{"name":"wp","href":"https:\/\/api.w.org\/{rel}","templated":true}]}}