{"id":166929,"date":"2020-05-01T07:34:52","date_gmt":"2020-05-01T10:34:52","guid":{"rendered":"https:\/\/www.caririemacao.com\/1\/?p=166929"},"modified":"2020-05-01T07:34:54","modified_gmt":"2020-05-01T10:34:54","slug":"sergio-moro-afirma-que-apresentara-ao-stf-provas-contra-bolsonaro-em-entrevista-a-veja","status":"publish","type":"post","link":"https:\/\/www.caririemacao.com\/1\/2020\/05\/01\/sergio-moro-afirma-que-apresentara-ao-stf-provas-contra-bolsonaro-em-entrevista-a-veja\/","title":{"rendered":"Sergio Moro afirma que apresentar\u00e1 ao STF provas contra Bolsonaro em entrevista \u00e0 Veja"},"content":{"rendered":"\n<h1 class=\"wp-block-heading\"><\/h1>\n\n\n\n<p>Quando Sergio Moro decretou as primeiras pris\u00f5es da Opera\u00e7\u00e3o Lava-\u00adJato, em 2014, ningu\u00e9m imaginava que come\u00e7aria ali uma revolu\u00e7\u00e3o de consequ\u00eancias hist\u00f3ricas para a pol\u00edtica, a economia e o combate \u00e0 corrup\u00e7\u00e3o no Brasil. Em quatro anos, as investiga\u00e7\u00f5es revelaram a exist\u00eancia de uma monumental estrutura que tinha como membros ativos as maiores empreiteiras do pa\u00eds, altos dirigentes de empresas estatais e pol\u00edticos de todos os quilates \u2014 de deputados a presidentes da Rep\u00fablica. Todos se nutrindo da mesma fonte de um esquema que, durante anos, desviou mais de 40 bilh\u00f5es de reais dos cofres p\u00fablicos, dinheiro convertido em financiamento de campanhas eleitorais e propina. O caso fulminou biografias, quebrou empresas, arrasou partidos pol\u00edticos e desmascarou muita gente que se dizia honesta. A hist\u00f3rica impunidade dos poderosos levou uma surpreendente rasteira \u2014 e abriu caminho para que um outsider chegasse \u00e0 Presid\u00eancia da Rep\u00fablica. Com a elei\u00e7\u00e3o de Jair Bolsonaro e a nomea\u00e7\u00e3o de Sergio Moro para o Minist\u00e9rio da Justi\u00e7a, muitos apostaram que a corrup\u00e7\u00e3o sist\u00eamica sofreria o golpe de miseric\u00f3rdia no pa\u00eds \u2014 uma tremenda ilus\u00e3o, segundo o pr\u00f3prio Moro.<\/p>\n\n\n\n<p>\u201cO combate \u00e0 corrup\u00e7\u00e3o n\u00e3o \u00e9 prioridade do governo\u201d, revela o agora ex-\u00administro da Justi\u00e7a, que foi descobrindo aos poucos que embarcara numa fria. Ele estava em casa na madrugada da sexta 24 quando soube que o diretor-geral da Pol\u00edcia Federal fora demitido pelo presidente. Mas o epis\u00f3dio foi a gota d\u2019\u00e1gua de uma rela\u00e7\u00e3o tumultuada. Havia tempo o presidente n\u00e3o escondia a inten\u00e7\u00e3o de colocar no cargo algu\u00e9m de sua estrita confian\u00e7a. Bolsonaro frequentemente reclamava da falta de informa\u00e7\u00f5es, em especial sobre inqu\u00e9ritos que tinham como investigados amigos, correligion\u00e1rios e parentes dele. Moro classificou a decis\u00e3o do presidente de p\u00f4r um parceiro no comando da PF de uma manobra para finalmente ter acesso a dados sigilosos, deu a isso o nome de interfer\u00eancia pol\u00edtica e, na sequ\u00eancia, pediu demiss\u00e3o. Bolsonaro, por sua vez, disse que a nomea\u00e7\u00e3o do diretor da PF \u00e9 de sua compet\u00eancia e que as acusa\u00e7\u00f5es de Moro n\u00e3o eram verdadeiras. O Supremo Tribunal Federal mandou abrir um inqu\u00e9rito para apurar suspeitas de crime.<\/p>\n\n\n\n<p>Em entrevista exclusiva a VEJA, Moro revelou que n\u00e3o vai admitir ser chamado de mentiroso e que apresentar\u00e1 \u00e0 Justi\u00e7a, assim que for instado a faz\u00ea-lo, as provas que mostram que o presidente tentou, sim, interferir indevidamente na Pol\u00edcia Federal. Um pouco abatido, o ex-ministro tamb\u00e9m se disse desconfort\u00e1vel no papel que o destino lhe reservou: \u201cNunca foi minha inten\u00e7\u00e3o ser algoz do presidente\u201d. Desde que deixou o minist\u00e9rio, ele passou a ser hostilizado brutalmente pelas redes bolsonaristas. \u201cTraidor\u201d foi o adjetivo mais brando que recebeu. Mas o fato \u00e9 que Bolsonaro nunca confiou em Moro. Sempre viu nele um potencial advers\u00e1rio, algu\u00e9m que no futuro poderia amea\u00e7ar seu projeto de poder. Na entrevista, o ex-ministro, no entanto, garante que a pol\u00edtica n\u00e3o est\u00e1 em seus planos \u2014 ao menos por enquanto. Na quarta-feira 29, durante a conversa com VEJA, Moro recebeu um alerta de mensagem no telefone. Ele colocou os \u00f3culos, leu e franziu a testa. \u201cO que foi, ministro?\u201d \u201cO presidente da Rep\u00fablica anunciou que vai divulgar um \u2018v\u00eddeo-bomba\u2019 contra mim.\u201d \u201cE o que o senhor acha que \u00e9?\u201d, perguntamos. Moro respirou fundo, amea\u00e7ou falar alguma coisa, mas se conteve. A guerra est\u00e1 s\u00f3 come\u00e7ando. Acompanhe nas pr\u00f3ximas p\u00e1ginas os principais trechos desta conversa.<\/p>\n","protected":false},"excerpt":{"rendered":"<p>Quando Sergio Moro decretou as primeiras pris\u00f5es da Opera\u00e7\u00e3o Lava-\u00adJato, em 2014, ningu\u00e9m imaginava que come\u00e7aria ali uma revolu\u00e7\u00e3o de consequ\u00eancias hist\u00f3ricas para a pol\u00edtica,&hellip; <\/p>\n","protected":false},"author":2,"featured_media":166930,"comment_status":"closed","ping_status":"closed","sticky":false,"template":"","format":"standard","meta":{"sfsi_plus_gutenberg_text_before_share":"","sfsi_plus_gutenberg_show_text_before_share":"","sfsi_plus_gutenberg_icon_type":"","sfsi_plus_gutenberg_icon_alignemt":"","sfsi_plus_gutenburg_max_per_row":"","footnotes":""},"categories":[11],"tags":[],"class_list":["post-166929","post","type-post","status-publish","format-standard","has-post-thumbnail","hentry","category-politica"],"_links":{"self":[{"href":"https:\/\/www.caririemacao.com\/1\/wp-json\/wp\/v2\/posts\/166929","targetHints":{"allow":["GET"]}}],"collection":[{"href":"https:\/\/www.caririemacao.com\/1\/wp-json\/wp\/v2\/posts"}],"about":[{"href":"https:\/\/www.caririemacao.com\/1\/wp-json\/wp\/v2\/types\/post"}],"author":[{"embeddable":true,"href":"https:\/\/www.caririemacao.com\/1\/wp-json\/wp\/v2\/users\/2"}],"replies":[{"embeddable":true,"href":"https:\/\/www.caririemacao.com\/1\/wp-json\/wp\/v2\/comments?post=166929"}],"version-history":[{"count":1,"href":"https:\/\/www.caririemacao.com\/1\/wp-json\/wp\/v2\/posts\/166929\/revisions"}],"predecessor-version":[{"id":166931,"href":"https:\/\/www.caririemacao.com\/1\/wp-json\/wp\/v2\/posts\/166929\/revisions\/166931"}],"wp:featuredmedia":[{"embeddable":true,"href":"https:\/\/www.caririemacao.com\/1\/wp-json\/wp\/v2\/media\/166930"}],"wp:attachment":[{"href":"https:\/\/www.caririemacao.com\/1\/wp-json\/wp\/v2\/media?parent=166929"}],"wp:term":[{"taxonomy":"category","embeddable":true,"href":"https:\/\/www.caririemacao.com\/1\/wp-json\/wp\/v2\/categories?post=166929"},{"taxonomy":"post_tag","embeddable":true,"href":"https:\/\/www.caririemacao.com\/1\/wp-json\/wp\/v2\/tags?post=166929"}],"curies":[{"name":"wp","href":"https:\/\/api.w.org\/{rel}","templated":true}]}}