{"id":166933,"date":"2020-05-01T07:38:48","date_gmt":"2020-05-01T10:38:48","guid":{"rendered":"https:\/\/www.caririemacao.com\/1\/?p=166933"},"modified":"2020-05-01T07:38:50","modified_gmt":"2020-05-01T10:38:50","slug":"bolsonaro-diz-que-pode-ter-pegado-covid-19","status":"publish","type":"post","link":"https:\/\/www.caririemacao.com\/1\/2020\/05\/01\/bolsonaro-diz-que-pode-ter-pegado-covid-19\/","title":{"rendered":"Bolsonaro diz que pode ter pegado covid-19"},"content":{"rendered":"\n<h1 class=\"wp-block-heading\"><\/h1>\n\n\n\n<p>O presidente Jair Bolsonaro concedeu entrevista na manh\u00e3 desta quinta-feira \u00e0 R\u00e1dio Gua\u00edba, antes de embarcar para o Rio Grande do Sul, em agenda oficial. Na entrevista, Bolsonaro reiterou a cobran\u00e7a que fez na sa\u00edda do Pal\u00e1cio da Alvorada ao ministro do Supremo Tribunal Federal, Alexandre de Moraes, que suspendeu a nomea\u00e7\u00e3o de Alexandre Ramagem \u00e0 diretoria-geral da Pol\u00edcia Federal (PF). Moraes concedeu liminar ao PDT, que apontou para possibilidade de interfer\u00eancia de Bolsonaro no \u00f3rg\u00e3o, uma vez que Ramagem \u00e9 pr\u00f3ximo da fam\u00edlia do presidente.<\/p>\n\n\n\n<p>&#8220;Cobrei que o ministro Alexandre de Moraes tome uma posi\u00e7\u00e3o no tocante ao Ramagem porque ele continua \u00e0 frente da Abin (Associa\u00e7\u00e3o Brasileira de Intelig\u00eancia), que \u00e9 t\u00e3o importante quanto a PF&#8221;, disse Bolsonaro. Para o presidente, impedir que Ramagem assuma o controle da PF enquanto comanda a Abin \u00e9 o mesmo que impedir, &#8220;por quest\u00f5es pessoais&#8221;, que um sargento do Ex\u00e9rcito ocupe o mesmo posto na Aeron\u00e1utica. &#8220;Decis\u00e3o que n\u00e3o engoli, \u00e9 uma afronta. N\u00e3o aceito ser ref\u00e9m de decis\u00f5es monocr\u00e1ticas de quem quer que seja&#8221;, completou Bolsonaro.<\/p>\n\n\n\n<p><strong>Exames<\/strong><\/p>\n\n\n\n<p>Quanto \u00e0 decis\u00e3o da Justi\u00e7a Federal que o obriga a apresentar os exames que fez para diagn\u00f3stico do novo coronav\u00edrus sob prazo que se encerra hoje, o presidente voltou a afirmar que, caso perca recurso movido pela Advocacia-Geral da Uni\u00e3o (AGU), ir\u00e1 divulgar os documentos.<\/p>\n\n\n\n<p>Na segunda-feira (27), por decis\u00e3o da ju\u00edza Ana L\u00facia Petri Betto, o jornal O Estado de S. Paulo conseguiu na Justi\u00e7a o direito de obter os testes de covid-19 feitos por Bolsonaro. Ao minimizar, por mais uma vez, os efeitos da covid-19 \u00e0 sa\u00fade, o presidente disse: &#8220;Eu talvez j\u00e1 tenha pegado esse v\u00edrus no passado e nem senti&#8221;.<\/p>\n\n\n\n<p>O chefe do Executivo ainda repetiu que usa &#8220;nomes fantasia&#8221; em pedidos de exames e receitas de medicamentos para se proteger. &#8220;Sou uma pessoa conhecida para o bem ou para o mal. Quando fui medicado, coloquei nome fantasia porque na ponta da linha est\u00e1 um ser humano, n\u00e3o se sabe o que pode ser feito se algu\u00e9m souber que \u00e9 Jair Bolsonaro&#8221;, justificou o presidente.<\/p>\n","protected":false},"excerpt":{"rendered":"<p>O presidente Jair Bolsonaro concedeu entrevista na manh\u00e3 desta quinta-feira \u00e0 R\u00e1dio Gua\u00edba, antes de embarcar para o Rio Grande do Sul, em agenda oficial.&hellip; <\/p>\n","protected":false},"author":2,"featured_media":166934,"comment_status":"closed","ping_status":"closed","sticky":false,"template":"","format":"standard","meta":{"sfsi_plus_gutenberg_text_before_share":"","sfsi_plus_gutenberg_show_text_before_share":"","sfsi_plus_gutenberg_icon_type":"","sfsi_plus_gutenberg_icon_alignemt":"","sfsi_plus_gutenburg_max_per_row":"","footnotes":""},"categories":[11],"tags":[],"class_list":["post-166933","post","type-post","status-publish","format-standard","has-post-thumbnail","hentry","category-politica"],"_links":{"self":[{"href":"https:\/\/www.caririemacao.com\/1\/wp-json\/wp\/v2\/posts\/166933","targetHints":{"allow":["GET"]}}],"collection":[{"href":"https:\/\/www.caririemacao.com\/1\/wp-json\/wp\/v2\/posts"}],"about":[{"href":"https:\/\/www.caririemacao.com\/1\/wp-json\/wp\/v2\/types\/post"}],"author":[{"embeddable":true,"href":"https:\/\/www.caririemacao.com\/1\/wp-json\/wp\/v2\/users\/2"}],"replies":[{"embeddable":true,"href":"https:\/\/www.caririemacao.com\/1\/wp-json\/wp\/v2\/comments?post=166933"}],"version-history":[{"count":1,"href":"https:\/\/www.caririemacao.com\/1\/wp-json\/wp\/v2\/posts\/166933\/revisions"}],"predecessor-version":[{"id":166935,"href":"https:\/\/www.caririemacao.com\/1\/wp-json\/wp\/v2\/posts\/166933\/revisions\/166935"}],"wp:featuredmedia":[{"embeddable":true,"href":"https:\/\/www.caririemacao.com\/1\/wp-json\/wp\/v2\/media\/166934"}],"wp:attachment":[{"href":"https:\/\/www.caririemacao.com\/1\/wp-json\/wp\/v2\/media?parent=166933"}],"wp:term":[{"taxonomy":"category","embeddable":true,"href":"https:\/\/www.caririemacao.com\/1\/wp-json\/wp\/v2\/categories?post=166933"},{"taxonomy":"post_tag","embeddable":true,"href":"https:\/\/www.caririemacao.com\/1\/wp-json\/wp\/v2\/tags?post=166933"}],"curies":[{"name":"wp","href":"https:\/\/api.w.org\/{rel}","templated":true}]}}