{"id":166937,"date":"2020-05-01T07:42:16","date_gmt":"2020-05-01T10:42:16","guid":{"rendered":"https:\/\/www.caririemacao.com\/1\/?p=166937"},"modified":"2020-05-01T07:42:18","modified_gmt":"2020-05-01T10:42:18","slug":"pesquisadores-da-ufpb-desenvolvem-capacete-com-ventilacao-nao-invasiva","status":"publish","type":"post","link":"https:\/\/www.caririemacao.com\/1\/2020\/05\/01\/pesquisadores-da-ufpb-desenvolvem-capacete-com-ventilacao-nao-invasiva\/","title":{"rendered":"Pesquisadores da UFPB desenvolvem capacete com ventila\u00e7\u00e3o n\u00e3o invasiva"},"content":{"rendered":"\n<h1 class=\"wp-block-heading\"><\/h1>\n\n\n\n<p>Pesquisadores do Laborat\u00f3rio de Fabrica\u00e7\u00e3o Digital (FabLab) da Universidade Federal da Para\u00edba (UFPB), no Centro de Energias Alternativas e Renov\u00e1veis (Cear), no campus I, em Jo\u00e3o Pessoa, desenvolveram um capacete com ventila\u00e7\u00e3o n\u00e3o invasiva para pacientes em estado grave devido \u00e0 infec\u00e7\u00e3o pelo novo coronav\u00edrus (Covid-19).<\/p>\n\n\n\n<p>Segundo os pesquisadores, o v\u00edrus Sars-Cov-2, que provoca a doen\u00e7a, tem alta capacidade de dissemina\u00e7\u00e3o por meio de aeross\u00f3is dispersados pelos doentes, sendo por isso desaconselhada a ventila\u00e7\u00e3o n\u00e3o invasiva de alto fluxo, que exp\u00f5e os profissionais de sa\u00fade ao cont\u00e1gio.<\/p>\n\n\n\n<p>Desse modo, o invento se apresenta como uma alternativa de tratamento cl\u00ednico para a Covid-19, diante da escassez de aparelhos de ventila\u00e7\u00e3o no mercado e pode ser usado em pacientes com necessidade de suporte ventilat\u00f3rio, a fim de evitar intuba\u00e7\u00f5es orotraqueais precoces.<\/p>\n\n\n\n<p>Com a utiliza\u00e7\u00e3o do capacete, os pesquisadores pretendem disponibilizar uma alternativa de ventila\u00e7\u00e3o n\u00e3o invasiva, com gera\u00e7\u00e3o m\u00ednima de aeross\u00f3is, possibilitando oferecer oxig\u00eanio e press\u00e3o positiva sem realizar a intuba\u00e7\u00e3o orotraqueal, reduzindo, assim, as poss\u00edveis complica\u00e7\u00f5es geradas pela ventila\u00e7\u00e3o mec\u00e2nica. De acordo com os pesquisadores, uma das principais causas de infec\u00e7\u00e3o hospitalar \u00e9 a pneumonia associada \u00e0 ventila\u00e7\u00e3o mec\u00e2nica.<\/p>\n\n\n\n<p>Conforme a equipe, uma vez constatada boa adapta\u00e7\u00e3o, \u00e9 previsto o uso do capacete pelo paciente por at\u00e9 15 dias. O projeto foi submetido nesta quarta-feira (29), ao comit\u00ea de \u00e9tica do Hospital Universit\u00e1rio Lauro Wanderley (HULW) da UFPB e \u00e0 Ag\u00eancia Nacional de Vigil\u00e2ncia Sanit\u00e1ria (Anvisa).<\/p>\n\n\n\n<p>Os pesquisadores solicitaram autoriza\u00e7\u00e3o para continuar o desenvolvimento do capacete e iniciar os testes com pacientes, segundo o coordenador do Laborat\u00f3rio de Fabrica\u00e7\u00e3o Digital da UFPB, Euler Mac\u00eado.<\/p>\n\n\n\n<p>Devido \u00e0 recomenda\u00e7\u00e3o de utiliza\u00e7\u00e3o em pacientes que estejam l\u00facidos e acordados, o aparelho n\u00e3o precisa ser utilizado em leitos de UTI, em pouca oferta no pa\u00eds. \u201cTamb\u00e9m esse tipo de capacete reduz a contamina\u00e7\u00e3o do hospital, devido ao confinamento do paciente ao capacete\u201d, explica Euler C\u00e1ssio.<\/p>\n\n\n\n<p>O prot\u00f3tipo desenvolvido pelos pesquisadores foi feito com um capuz manufaturado de PVC, anel fabricado com impressora 3D, membrana de veda\u00e7\u00e3o cervical adaptada de bal\u00e3o l\u00e1tex, conectores de sa\u00edda e entrada de gases feitos com tubos de PVC.<\/p>\n\n\n\n<p>Esta vers\u00e3o foi testada por meio da conex\u00e3o do prot\u00f3tipo a um suporte ventilat\u00f3rio mec\u00e2nico no dia 13 de abril, em Unidade de Terapia Intensiva (UTI) do Hospital Universit\u00e1rio Lauro Wanderley da UFPB. N\u00e3o houve intercorr\u00eancias e foi constatada viabilidade.<\/p>\n\n\n\n<p>O usu\u00e1rio submetido ao teste foi Alberto Filho, um dos desenvolvedores do capacete. Um segundo teste foi realizado no dia 22 de abril, no Hospital Alberto Urquiza Wanderley, da Unimed, em Jo\u00e3o Pessoa.<\/p>\n\n\n\n<p>O professor Euler C\u00e1ssio ressalta que, embora o processo de fabrica\u00e7\u00e3o seja simples, a equipe ainda est\u00e1 em busca de parceiros que possam aumentar a capacidade de produ\u00e7\u00e3o ap\u00f3s a regulamenta\u00e7\u00e3o pela Anvisa.<\/p>\n\n\n\n<p>\u201cQueremos produzir em massa, mas com nossa capacidade n\u00e3o temos como produzir muitas unidades\u201d. Tamb\u00e9m atuam na inova\u00e7\u00e3o os pesquisadores Alberto Oliveira Filho, Eliauria Martins e Luiz Regis.<\/p>\n","protected":false},"excerpt":{"rendered":"<p>Pesquisadores do Laborat\u00f3rio de Fabrica\u00e7\u00e3o Digital (FabLab) da Universidade Federal da Para\u00edba (UFPB), no Centro de Energias Alternativas e Renov\u00e1veis (Cear), no campus I, em&hellip; <\/p>\n","protected":false},"author":2,"featured_media":166938,"comment_status":"closed","ping_status":"closed","sticky":false,"template":"","format":"standard","meta":{"sfsi_plus_gutenberg_text_before_share":"","sfsi_plus_gutenberg_show_text_before_share":"","sfsi_plus_gutenberg_icon_type":"","sfsi_plus_gutenberg_icon_alignemt":"","sfsi_plus_gutenburg_max_per_row":"","footnotes":""},"categories":[50,2],"tags":[],"class_list":["post-166937","post","type-post","status-publish","format-standard","has-post-thumbnail","hentry","category-destaque","category-geral"],"_links":{"self":[{"href":"https:\/\/www.caririemacao.com\/1\/wp-json\/wp\/v2\/posts\/166937","targetHints":{"allow":["GET"]}}],"collection":[{"href":"https:\/\/www.caririemacao.com\/1\/wp-json\/wp\/v2\/posts"}],"about":[{"href":"https:\/\/www.caririemacao.com\/1\/wp-json\/wp\/v2\/types\/post"}],"author":[{"embeddable":true,"href":"https:\/\/www.caririemacao.com\/1\/wp-json\/wp\/v2\/users\/2"}],"replies":[{"embeddable":true,"href":"https:\/\/www.caririemacao.com\/1\/wp-json\/wp\/v2\/comments?post=166937"}],"version-history":[{"count":1,"href":"https:\/\/www.caririemacao.com\/1\/wp-json\/wp\/v2\/posts\/166937\/revisions"}],"predecessor-version":[{"id":166939,"href":"https:\/\/www.caririemacao.com\/1\/wp-json\/wp\/v2\/posts\/166937\/revisions\/166939"}],"wp:featuredmedia":[{"embeddable":true,"href":"https:\/\/www.caririemacao.com\/1\/wp-json\/wp\/v2\/media\/166938"}],"wp:attachment":[{"href":"https:\/\/www.caririemacao.com\/1\/wp-json\/wp\/v2\/media?parent=166937"}],"wp:term":[{"taxonomy":"category","embeddable":true,"href":"https:\/\/www.caririemacao.com\/1\/wp-json\/wp\/v2\/categories?post=166937"},{"taxonomy":"post_tag","embeddable":true,"href":"https:\/\/www.caririemacao.com\/1\/wp-json\/wp\/v2\/tags?post=166937"}],"curies":[{"name":"wp","href":"https:\/\/api.w.org\/{rel}","templated":true}]}}