{"id":166945,"date":"2020-05-01T08:42:20","date_gmt":"2020-05-01T11:42:20","guid":{"rendered":"https:\/\/www.caririemacao.com\/1\/?p=166945"},"modified":"2020-05-01T08:42:22","modified_gmt":"2020-05-01T11:42:22","slug":"jovem-de-20-anos-morre-apos-ser-esfaqueada-na-paraiba","status":"publish","type":"post","link":"https:\/\/www.caririemacao.com\/1\/2020\/05\/01\/jovem-de-20-anos-morre-apos-ser-esfaqueada-na-paraiba\/","title":{"rendered":"Jovem de 20 anos morre ap\u00f3s ser esfaqueada na Para\u00edba"},"content":{"rendered":"\n<h1 class=\"wp-block-heading\"><\/h1>\n\n\n\n<p>\u00a0<\/p>\n\n\n\n<p>Uma jovem de 20 anos morreu ap\u00f3s ser&nbsp;esfaqueada, na noite desta quarta-feira (29),&nbsp;no bairro Santo Ant\u00f4nio, na cidade de Itatuba, na Para\u00edba.Testemunhas informaram que o principal suspeito, \u00e9 o ex-companheiro da v\u00edtima.<\/p>\n\n\n\n<p>Layane da Silva Porf\u00edrio estava em casa quando o suspeito, armado de faca, teria invadido a resid\u00eancia pela porta dos fundo e&nbsp;deu golpes com a faca em v\u00e1rias partes do corpo dela.<\/p>\n\n\n\n<p>O Samu foi acionado e socorreu a v\u00edtima para a UPA de Ing\u00e1, por\u00e9m ela n\u00e3o resistiu aos ferimentos e morreu na unidade de sa\u00fade.<\/p>\n\n\n\n<p>O suspeito est\u00e1 foragido e at\u00e9 a manh\u00e3 desta quinta-feira (30) n\u00e3o havia sido localizado.<\/p>\n\n\n\n<p>CLICKPB<\/p>\n","protected":false},"excerpt":{"rendered":"<p>\u00a0 Uma jovem de 20 anos morreu ap\u00f3s ser&nbsp;esfaqueada, na noite desta quarta-feira (29),&nbsp;no bairro Santo Ant\u00f4nio, na cidade de Itatuba, na Para\u00edba.Testemunhas informaram que&hellip; <\/p>\n","protected":false},"author":2,"featured_media":166946,"comment_status":"closed","ping_status":"closed","sticky":false,"template":"","format":"standard","meta":{"sfsi_plus_gutenberg_text_before_share":"","sfsi_plus_gutenberg_show_text_before_share":"","sfsi_plus_gutenberg_icon_type":"","sfsi_plus_gutenberg_icon_alignemt":"","sfsi_plus_gutenburg_max_per_row":"","footnotes":""},"categories":[12],"tags":[],"class_list":["post-166945","post","type-post","status-publish","format-standard","has-post-thumbnail","hentry","category-policia"],"_links":{"self":[{"href":"https:\/\/www.caririemacao.com\/1\/wp-json\/wp\/v2\/posts\/166945","targetHints":{"allow":["GET"]}}],"collection":[{"href":"https:\/\/www.caririemacao.com\/1\/wp-json\/wp\/v2\/posts"}],"about":[{"href":"https:\/\/www.caririemacao.com\/1\/wp-json\/wp\/v2\/types\/post"}],"author":[{"embeddable":true,"href":"https:\/\/www.caririemacao.com\/1\/wp-json\/wp\/v2\/users\/2"}],"replies":[{"embeddable":true,"href":"https:\/\/www.caririemacao.com\/1\/wp-json\/wp\/v2\/comments?post=166945"}],"version-history":[{"count":1,"href":"https:\/\/www.caririemacao.com\/1\/wp-json\/wp\/v2\/posts\/166945\/revisions"}],"predecessor-version":[{"id":166947,"href":"https:\/\/www.caririemacao.com\/1\/wp-json\/wp\/v2\/posts\/166945\/revisions\/166947"}],"wp:featuredmedia":[{"embeddable":true,"href":"https:\/\/www.caririemacao.com\/1\/wp-json\/wp\/v2\/media\/166946"}],"wp:attachment":[{"href":"https:\/\/www.caririemacao.com\/1\/wp-json\/wp\/v2\/media?parent=166945"}],"wp:term":[{"taxonomy":"category","embeddable":true,"href":"https:\/\/www.caririemacao.com\/1\/wp-json\/wp\/v2\/categories?post=166945"},{"taxonomy":"post_tag","embeddable":true,"href":"https:\/\/www.caririemacao.com\/1\/wp-json\/wp\/v2\/tags?post=166945"}],"curies":[{"name":"wp","href":"https:\/\/api.w.org\/{rel}","templated":true}]}}