{"id":166956,"date":"2020-05-01T09:22:18","date_gmt":"2020-05-01T12:22:18","guid":{"rendered":"https:\/\/www.caririemacao.com\/1\/?p=166956"},"modified":"2020-05-01T09:22:38","modified_gmt":"2020-05-01T12:22:38","slug":"caixa-programa-inicio-do-pagamento-da-segunda-parcela-do-auxilio-emergencial","status":"publish","type":"post","link":"https:\/\/www.caririemacao.com\/1\/2020\/05\/01\/caixa-programa-inicio-do-pagamento-da-segunda-parcela-do-auxilio-emergencial\/","title":{"rendered":"Caixa programa in\u00edcio do pagamento da segunda parcela do aux\u00edlio emergencial"},"content":{"rendered":"\n<p> Segundo ele, at\u00e9 agora, 50 milh\u00f5es de brasileiros t\u00eam direito de receber o aux\u00edlio emergencial, de um total de 96 milh\u00f5es de CPFs analisados pela Dataprev (empresa de tecnologia do governo). De acordo com o ministro, s\u00e3o 31 milh\u00f5es de brasileiros n\u00e3o s\u00e3o eleg\u00edveis, ou seja, n\u00e3o ter\u00e3o direito ao benef\u00edcio.<\/p>\n\n\n\n<p>H\u00e1 ainda um n\u00famero de CPFs cuja an\u00e1lise foi inconclusiva, o que engloba 13,6 milh\u00f5es de brasileiros. Neste caso, o ministro informou que come\u00e7ou a ser feita rean\u00e1lise destes CPFs para identificar quem, dentre os mais de 13 milh\u00f5es, t\u00eam direito ao aux\u00edlio para que o pagamento seja feito.<\/p>\n\n\n\n<p>\u201cHoje [quinta-feira, 30], j\u00e1 come\u00e7aram a procurar nestes 13 milh\u00f5es de CPFs quem tem direito, para solucionar sem que a pessoa tenha que fazer novo cadastramento. \u00c9 um trabalho grande e n\u00f3s estaremos, j\u00e1 na pr\u00f3xima semana, com a verifica\u00e7\u00e3o destas pessoas.\u201d<\/p>\n\n\n\n<p>Ele diz ainda que a Dataprev trabalha \u201cpara colocar um site no ar para a pessoa saber exatamente o que aconteceu com ela\u201d.<\/p>\n\n\n\n<p>Sobre o pagamento da segunda parcela, o ministro informou ainda que, quem tem direito ao benef\u00edcio e ainda n\u00e3o recebeu ir\u00e1 ter a grana retroativa, caso se inscreva at\u00e9 2 de julho e cumpra todas as exig\u00eancias. Neste caso, \u00e9 poss\u00edvel receber at\u00e9 R$ 1.800 de uma vez.<\/p>\n\n\n\n<p><strong>MAIS DE SEIS MILH\u00d5ES<\/strong><\/p>\n\n\n\n<p>O ministro disse tamb\u00e9m que, na semana que vem, a Caixa deve liberar o benef\u00edcio para mais de 6 milh\u00f5es de pessoas. Esses cidad\u00e3os se inscreveram via aplicativo ou site e tiveram seus CPFs analisados pela Dataprev nesta semana. Os dados est\u00e3o sendo enviados para a Caixa.<\/p>\n\n\n\n<p>Balan\u00e7o do banco divulgado nesta quinta-feira (30) mostra que, at\u00e9 as 17h, 49,7 milh\u00f5es de informais haviam se inscrito no site ou no aplicativo do aux\u00edlio emergencial para ter o benef\u00edcio.<\/p>\n\n\n\n<p>De acordo com a lei, pode receber o aux\u00edlio quem cumprir as seguintes condi\u00e7\u00f5es, acumuladamente:<\/p>\n\n\n\n<p>\u2013 \u00c9 maior de 18 anos;<br>\u2013 N\u00e3o tem emprego formal;<br>\u2013 N\u00e3o receba benef\u00edcio assistencial ou do INSS, n\u00e3o ganhe seguro-desemprego ou fa\u00e7a parte de qualquer outro programa de transfer\u00eancia de renda do governo, com exce\u00e7\u00e3o do Bolsa Fam\u00edlia;<br>\u2013 Tenha renda familiar, por pessoa, de at\u00e9 meio sal\u00e1rio m\u00ednimo, o que d\u00e1 R$ 522,50 hoje, ou renda mensal familiar de at\u00e9 tr\u00eas sal\u00e1rios m\u00ednimos (R$ 3.135);<br>\u2013 No ano de 2018, recebeu renda tribut\u00e1vel menor do que R$ 28.559,70.<\/p>\n\n\n\n<p>O futuro benefici\u00e1rio dever\u00e1 ainda cumprir pelo menos uma dessas condi\u00e7\u00f5es:<\/p>\n\n\n\n<p>\u2013 Exercer atividade como MEI (microempreendedor individual);<br>\u2013 Ser contribuinte individual ou facultativo da Previd\u00eancia, no plano simplificado ou no de 5%;<br>\u2013 Trabalhar como informal empregado, desempregado, aut\u00f4nomo ou intermitente, inscrito no Cad\u00danico at\u00e9 20 de mar\u00e7o deste ano ou que fa\u00e7a autodeclara\u00e7\u00e3o e entregue ao governo.<\/p>\n","protected":false},"excerpt":{"rendered":"<p>Segundo ele, at\u00e9 agora, 50 milh\u00f5es de brasileiros t\u00eam direito de receber o aux\u00edlio emergencial, de um total de 96 milh\u00f5es de CPFs analisados pela&hellip; <\/p>\n","protected":false},"author":2,"featured_media":166957,"comment_status":"closed","ping_status":"closed","sticky":false,"template":"","format":"standard","meta":{"sfsi_plus_gutenberg_text_before_share":"","sfsi_plus_gutenberg_show_text_before_share":"","sfsi_plus_gutenberg_icon_type":"","sfsi_plus_gutenberg_icon_alignemt":"","sfsi_plus_gutenburg_max_per_row":"","footnotes":""},"categories":[2],"tags":[],"class_list":["post-166956","post","type-post","status-publish","format-standard","has-post-thumbnail","hentry","category-geral"],"_links":{"self":[{"href":"https:\/\/www.caririemacao.com\/1\/wp-json\/wp\/v2\/posts\/166956","targetHints":{"allow":["GET"]}}],"collection":[{"href":"https:\/\/www.caririemacao.com\/1\/wp-json\/wp\/v2\/posts"}],"about":[{"href":"https:\/\/www.caririemacao.com\/1\/wp-json\/wp\/v2\/types\/post"}],"author":[{"embeddable":true,"href":"https:\/\/www.caririemacao.com\/1\/wp-json\/wp\/v2\/users\/2"}],"replies":[{"embeddable":true,"href":"https:\/\/www.caririemacao.com\/1\/wp-json\/wp\/v2\/comments?post=166956"}],"version-history":[{"count":1,"href":"https:\/\/www.caririemacao.com\/1\/wp-json\/wp\/v2\/posts\/166956\/revisions"}],"predecessor-version":[{"id":166958,"href":"https:\/\/www.caririemacao.com\/1\/wp-json\/wp\/v2\/posts\/166956\/revisions\/166958"}],"wp:featuredmedia":[{"embeddable":true,"href":"https:\/\/www.caririemacao.com\/1\/wp-json\/wp\/v2\/media\/166957"}],"wp:attachment":[{"href":"https:\/\/www.caririemacao.com\/1\/wp-json\/wp\/v2\/media?parent=166956"}],"wp:term":[{"taxonomy":"category","embeddable":true,"href":"https:\/\/www.caririemacao.com\/1\/wp-json\/wp\/v2\/categories?post=166956"},{"taxonomy":"post_tag","embeddable":true,"href":"https:\/\/www.caririemacao.com\/1\/wp-json\/wp\/v2\/tags?post=166956"}],"curies":[{"name":"wp","href":"https:\/\/api.w.org\/{rel}","templated":true}]}}