{"id":166960,"date":"2020-05-01T09:27:01","date_gmt":"2020-05-01T12:27:01","guid":{"rendered":"https:\/\/www.caririemacao.com\/1\/?p=166960"},"modified":"2020-05-01T09:27:04","modified_gmt":"2020-05-01T12:27:04","slug":"bolsonaro-talvez-ja-tenha-pegado-esse-virus-no-passado-e-nem-senti","status":"publish","type":"post","link":"https:\/\/www.caririemacao.com\/1\/2020\/05\/01\/bolsonaro-talvez-ja-tenha-pegado-esse-virus-no-passado-e-nem-senti\/","title":{"rendered":"Bolsonaro: \u201cTalvez j\u00e1 tenha pegado esse v\u00edrus no passado e nem senti\u201d"},"content":{"rendered":"\n<h1 class=\"wp-block-heading\"><\/h1>\n\n\n\n<p>O presidente Jair Bolsonaro (sem partido) voltou a dizer que talvez tenha sido contaminado pelo novo coronav\u00edrus no passado e n\u00e3o tenha sentido sintomas da doen\u00e7a.<\/p>\n\n\n\n<p>\u201cEu talvez j\u00e1 tenha pegado esse v\u00edrus no passado, talvez, e nem senti\u201d, disse nesta quinta-feira (30) em entrevista \u00e0 r\u00e1dio Gua\u00edba.<\/p>\n\n\n\n<p>Na mesma entrevista, no entanto, o presidente reafirmou que \u201cn\u00e3o est\u00e1 acometido\u201d pela Covid-19, embora tenha defendido que tem direito de n\u00e3o divulgar os dois exames que fez para detectar a enfermidade -que segundo ele deram negativo.<\/p>\n\n\n\n<p>A declara\u00e7\u00e3o de Bolsonaro sugerindo que pode ter sido um caso assintom\u00e1tico de portador do v\u00edrus ocorreu enquanto ele, na entrevista, se queixava da imprensa, em especial da Rede Globo.<\/p>\n\n\n\n<p>O presidente reclamou da divulga\u00e7\u00e3o de suas falas sobre a pandemia, como quando ele se referiu ao Covid-19 como uma \u201cgripezinha\u201d.<\/p>\n\n\n\n<p>\u201cO general Heleno [ministro do Gabinete de Seguran\u00e7a Institucional] s\u00f3 ficou sabendo que estava com o v\u00edrus porque fez o teste. Foi pra casa e fez bicicleta todos os dias, com seus 70 e poucos anos. O que essa parte da imprensa quer? Potencializar o que est\u00e1 acontecendo e tentar jogar no meu colo as mortes das pessoas\u201d, disse.<\/p>\n\n\n\n<p>A fala de Bolsonaro foi feita em meio a uma disputa judicial que ele trava para n\u00e3o ser obrigado a mostrar os resultados dos seus dois testes de coronav\u00edrus. O primeiro foi feito em 12 de mar\u00e7o e o segundo, no dia 17 do mesmo m\u00eas.<\/p>\n\n\n\n<p>A Justi\u00e7a Federal de S\u00e3o Paulo determinou que Bolsonaro entregue os resultados de todos os seus exames de detec\u00e7\u00e3o da Covid-19.<\/p>\n\n\n\n<p>A decis\u00e3o ocorreu ap\u00f3s um pedido do jornal O Estado de S. Paulo. Nesta quinta, segundo o jornal, a AGU (Advocacia-Geral da Uni\u00e3o) enviou um relat\u00f3rio m\u00e9dico de 18 de mar\u00e7o atestando que Bolsonaro n\u00e3o tem a Covid-19, mas a ju\u00edza Ana L\u00facia Petri Betto considerou o documento insuficiente e deu mais 48 horas para que os laudos sejam disponibilizados.<\/p>\n\n\n\n<p>Na mesma entrevista \u00e0 r\u00e1dio Gua\u00edba, Bolsonaro disse n\u00e3o estar acometido pelo v\u00edrus, mas argumentou que os testes pertencem \u00e0 sua intimidade.<\/p>\n\n\n\n<p>\u201cEu j\u00e1 falei que n\u00e3o estou acometido. Em dois exames que fiz, por livre e espont\u00e2nea vontade, isso pertence \u00e0 minha intimidade. Agora, mandei recorrer [da decis\u00e3o judicial]. Por qu\u00ea? Porque pertence \u00e0 minha intimidade. \u00c9 um direito que eu tenho como presidente da Rep\u00fablica e [um direito] do cidad\u00e3o tamb\u00e9m na ponta da linha\u201d, afirmou Bolsonaro.<\/p>\n\n\n\n<p>\u201cEnt\u00e3o n\u00e3o cabe \u00e0 Justi\u00e7a se intrometer nessa quest\u00e3o, at\u00e9 porque a lei est\u00e1 ali. Agora, n\u00e3o tenho problema: se no final da linha a Justi\u00e7a decidir eu vou apresentar\u201d, completou.<\/p>\n\n\n\n<p>Pouco antes, ao sair do Pal\u00e1cio da Alvorada, Bolsonaro alegou que se sentir\u00e1 \u201cviolentado\u201d caso seja obrigado a divulgar seus exames.<\/p>\n\n\n\n<p>N\u00e3o \u00e9 a primeira vez que Bolsonaro levanta a possibilidade de j\u00e1 ter sido infectado pela Covid-19.<\/p>\n\n\n\n<p>Em 20 de mar\u00e7o, ele fez sugest\u00e3o semelhante. \u201cAqui em casa, toda a fam\u00edlia deu negativo. Talvez, eu tenha sido infectado l\u00e1 atr\u00e1s e nem fiquei sabendo. Talvez, e estou com anticorpo.\u201d<\/p>\n\n\n\n<p>O presidente foi recebido com panela\u00e7os e aglomera\u00e7\u00f5es nesta quinta-feira em Porto Alegre, onde participou de cerim\u00f4nia de transmiss\u00e3o de cargo de comandante do Comando Militar do Sul.<\/p>\n\n\n\n<p>Al\u00e9m dos protestos com panelas, Bolsonaro foi aguardado por um grupo de cerca de 50 apoiadores. Eles faziam coro de ataques \u00e0 imprensa e permaneceram aglomerados, apesar da pandemia.<\/p>\n\n\n\n<p>Ao cumprimentar militares durante a visita ao Comando Militar do Sul, o presidente estendeu a m\u00e3o e recebeu de volta sauda\u00e7\u00e3o com os cotovelos, como manda a etiqueta m\u00e9dica para evitar a prolifera\u00e7\u00e3o do novo coronav\u00edrus.<\/p>\n","protected":false},"excerpt":{"rendered":"<p>O presidente Jair Bolsonaro (sem partido) voltou a dizer que talvez tenha sido contaminado pelo novo coronav\u00edrus no passado e n\u00e3o tenha sentido sintomas da&hellip; <\/p>\n","protected":false},"author":2,"featured_media":166961,"comment_status":"closed","ping_status":"closed","sticky":false,"template":"","format":"standard","meta":{"sfsi_plus_gutenberg_text_before_share":"","sfsi_plus_gutenberg_show_text_before_share":"","sfsi_plus_gutenberg_icon_type":"","sfsi_plus_gutenberg_icon_alignemt":"","sfsi_plus_gutenburg_max_per_row":"","footnotes":""},"categories":[2],"tags":[],"class_list":["post-166960","post","type-post","status-publish","format-standard","has-post-thumbnail","hentry","category-geral"],"_links":{"self":[{"href":"https:\/\/www.caririemacao.com\/1\/wp-json\/wp\/v2\/posts\/166960","targetHints":{"allow":["GET"]}}],"collection":[{"href":"https:\/\/www.caririemacao.com\/1\/wp-json\/wp\/v2\/posts"}],"about":[{"href":"https:\/\/www.caririemacao.com\/1\/wp-json\/wp\/v2\/types\/post"}],"author":[{"embeddable":true,"href":"https:\/\/www.caririemacao.com\/1\/wp-json\/wp\/v2\/users\/2"}],"replies":[{"embeddable":true,"href":"https:\/\/www.caririemacao.com\/1\/wp-json\/wp\/v2\/comments?post=166960"}],"version-history":[{"count":1,"href":"https:\/\/www.caririemacao.com\/1\/wp-json\/wp\/v2\/posts\/166960\/revisions"}],"predecessor-version":[{"id":166962,"href":"https:\/\/www.caririemacao.com\/1\/wp-json\/wp\/v2\/posts\/166960\/revisions\/166962"}],"wp:featuredmedia":[{"embeddable":true,"href":"https:\/\/www.caririemacao.com\/1\/wp-json\/wp\/v2\/media\/166961"}],"wp:attachment":[{"href":"https:\/\/www.caririemacao.com\/1\/wp-json\/wp\/v2\/media?parent=166960"}],"wp:term":[{"taxonomy":"category","embeddable":true,"href":"https:\/\/www.caririemacao.com\/1\/wp-json\/wp\/v2\/categories?post=166960"},{"taxonomy":"post_tag","embeddable":true,"href":"https:\/\/www.caririemacao.com\/1\/wp-json\/wp\/v2\/tags?post=166960"}],"curies":[{"name":"wp","href":"https:\/\/api.w.org\/{rel}","templated":true}]}}