{"id":166964,"date":"2020-05-01T09:30:18","date_gmt":"2020-05-01T12:30:18","guid":{"rendered":"https:\/\/www.caririemacao.com\/1\/?p=166964"},"modified":"2020-05-01T09:30:20","modified_gmt":"2020-05-01T12:30:20","slug":"governo-federal-prorroga-validade-de-passe-livre-para-pessoas-com-deficiencia","status":"publish","type":"post","link":"https:\/\/www.caririemacao.com\/1\/2020\/05\/01\/governo-federal-prorroga-validade-de-passe-livre-para-pessoas-com-deficiencia\/","title":{"rendered":"Governo federal prorroga validade de passe livre para pessoas com defici\u00eancia"},"content":{"rendered":"\n<h1 class=\"wp-block-heading\"><\/h1>\n\n\n\n<p><\/p>\n\n\n\n<p>O Minist\u00e9rio da Infraestrutura publicou hoje (30), no Di\u00e1rio Oficial da Uni\u00e3o, portaria prorrogando o prazo de validade de credenciais do passe livre em transporte coletivo interestadual para pessoas com defici\u00eancia em raz\u00e3o da pandemia do novo coronav\u00edrus (covid-19).<\/p>\n\n\n\n<p>medida vale para os documentos vencidos a partir de mar\u00e7o de 2020 que ser\u00e3o renovados automaticamente at\u00e9 31 de dezembro deste ano.<\/p>\n\n\n\n<p>De acordo com a pasta, a decis\u00e3o foi tomada diante da \u201cnecessidade de ado\u00e7\u00e3o de medidas para conter a transmiss\u00e3o do novo coronav\u00edrus (covid-19), evitando a necessidade de deslocamentos e a concentra\u00e7\u00e3o de pessoas em estabelecimentos p\u00fablicos\u201d.<\/p>\n\n\n\n<p>A portaria diz que a credencial de passe livre tem validade de tr\u00eas anos, a contar da data de sua expedi\u00e7\u00e3o, e que a sua renova\u00e7\u00e3o se dar\u00e1 por manifesta\u00e7\u00e3o do interessado, \u201cencaminhada ao \u00f3rg\u00e3o respons\u00e1vel, ou ao \u00f3rg\u00e3o ou entidade conveniada e detentora do processo.\u201d<\/p>\n","protected":false},"excerpt":{"rendered":"<p>O Minist\u00e9rio da Infraestrutura publicou hoje (30), no Di\u00e1rio Oficial da Uni\u00e3o, portaria prorrogando o prazo de validade de credenciais do passe livre em transporte&hellip; <\/p>\n","protected":false},"author":2,"featured_media":166965,"comment_status":"closed","ping_status":"closed","sticky":false,"template":"","format":"standard","meta":{"sfsi_plus_gutenberg_text_before_share":"","sfsi_plus_gutenberg_show_text_before_share":"","sfsi_plus_gutenberg_icon_type":"","sfsi_plus_gutenberg_icon_alignemt":"","sfsi_plus_gutenburg_max_per_row":"","footnotes":""},"categories":[11],"tags":[],"class_list":["post-166964","post","type-post","status-publish","format-standard","has-post-thumbnail","hentry","category-politica"],"_links":{"self":[{"href":"https:\/\/www.caririemacao.com\/1\/wp-json\/wp\/v2\/posts\/166964","targetHints":{"allow":["GET"]}}],"collection":[{"href":"https:\/\/www.caririemacao.com\/1\/wp-json\/wp\/v2\/posts"}],"about":[{"href":"https:\/\/www.caririemacao.com\/1\/wp-json\/wp\/v2\/types\/post"}],"author":[{"embeddable":true,"href":"https:\/\/www.caririemacao.com\/1\/wp-json\/wp\/v2\/users\/2"}],"replies":[{"embeddable":true,"href":"https:\/\/www.caririemacao.com\/1\/wp-json\/wp\/v2\/comments?post=166964"}],"version-history":[{"count":1,"href":"https:\/\/www.caririemacao.com\/1\/wp-json\/wp\/v2\/posts\/166964\/revisions"}],"predecessor-version":[{"id":166966,"href":"https:\/\/www.caririemacao.com\/1\/wp-json\/wp\/v2\/posts\/166964\/revisions\/166966"}],"wp:featuredmedia":[{"embeddable":true,"href":"https:\/\/www.caririemacao.com\/1\/wp-json\/wp\/v2\/media\/166965"}],"wp:attachment":[{"href":"https:\/\/www.caririemacao.com\/1\/wp-json\/wp\/v2\/media?parent=166964"}],"wp:term":[{"taxonomy":"category","embeddable":true,"href":"https:\/\/www.caririemacao.com\/1\/wp-json\/wp\/v2\/categories?post=166964"},{"taxonomy":"post_tag","embeddable":true,"href":"https:\/\/www.caririemacao.com\/1\/wp-json\/wp\/v2\/tags?post=166964"}],"curies":[{"name":"wp","href":"https:\/\/api.w.org\/{rel}","templated":true}]}}