{"id":166972,"date":"2020-05-01T10:43:37","date_gmt":"2020-05-01T13:43:37","guid":{"rendered":"https:\/\/www.caririemacao.com\/1\/?p=166972"},"modified":"2020-05-01T10:43:37","modified_gmt":"2020-05-01T13:43:37","slug":"prefeitura-de-sume-segue-auxiliando-cidadaos-na-regularizacao-do-cpf","status":"publish","type":"post","link":"https:\/\/www.caririemacao.com\/1\/2020\/05\/01\/prefeitura-de-sume-segue-auxiliando-cidadaos-na-regularizacao-do-cpf\/","title":{"rendered":"Prefeitura de Sum\u00e9 segue auxiliando cidad\u00e3os na regulariza\u00e7\u00e3o do CPF"},"content":{"rendered":"\n<p>A Prefeitura de Sum\u00e9 criou o N\u00facleo de Assist\u00eancia ao Cidad\u00e3o com o objetivo de ajudar as pessoas que precisam regularizar o Cadastro da Pessoa F\u00edsica (CPF), no site da Receita Federal,&nbsp; para poder receber o aux\u00edlio emergencial de R$ 600,00, do governo federal.<\/p>\n\n\n\n<p>O atendimento funciona no pr\u00e9dio da Secretaria de Educa\u00e7\u00e3o, na Av. Primeiro de Abril, das 8h \u00e0s 13h. A equipe \u00e9 composta pelos servidores Jamila Travassos, Thalles Rodolfo e Juliana Feitosa. As pessoas que ainda n\u00e3o conseguiram realizar o pedido do aux\u00edlio emergencial tamb\u00e9m podem comparecer ao local.<\/p>\n\n\n\n<p>Para resolver o problema \u00e9 necess\u00e1rio que o cidad\u00e3o esteja munido da documenta\u00e7\u00e3o original, tais como RG, CPF, t\u00edtulo de eleitor, certid\u00e3o de nascimento ou casamento e comprovante de resid\u00eancia.<\/p>\n\n\n\n<figure class=\"wp-block-image size-large\"><img fetchpriority=\"high\" decoding=\"async\" width=\"768\" height=\"800\" src=\"https:\/\/www.caririemacao.com\/1\/wp-content\/uploads\/2020\/05\/3ffbc2bf-d8c5-4130-8ea8-d35317296b3f-768x800-1.jpg\" alt=\"\" class=\"wp-image-166974\" srcset=\"https:\/\/www.caririemacao.com\/1\/wp-content\/uploads\/2020\/05\/3ffbc2bf-d8c5-4130-8ea8-d35317296b3f-768x800-1.jpg 768w, https:\/\/www.caririemacao.com\/1\/wp-content\/uploads\/2020\/05\/3ffbc2bf-d8c5-4130-8ea8-d35317296b3f-768x800-1-288x300.jpg 288w\" sizes=\"(max-width: 768px) 100vw, 768px\" \/><\/figure>\n\n\n\n<p>Irma La Dulce, moradora de Sum\u00e9, atendida pela equipe, disse que o servi\u00e7o \u00e9 fundamental visto que muitas pessoas n\u00e3o sabem acessar a internet \u201cO apoio do pessoal da Prefeitura foi muito importante para resolver meu problema\u201d, afirmou.<\/p>\n\n\n\n<p>Elania Jorge disse que foi muito bem atendida e agradeceu a preocupa\u00e7\u00e3o do prefeito \u00c9den Duarte com a popula\u00e7\u00e3o \u201cEu estava com problema no meu CPF e gra\u00e7as a Deus deu tudo certo, sem contar que eu estava com problema na conta digital da Caixa e todos os dias a equipe me ligava para saber se tinha resolvido, fiquei muito satisfeita\u201d, disse a moradora.<\/p>\n\n\n\n<p>A equipe est\u00e1 tomando todos os cuidados em rela\u00e7\u00e3o ao coronav\u00edrus com a utiliza\u00e7\u00e3o de m\u00e1scaras, \u00e1lcool em gel 70% e organizando a entrada das pessoas que est\u00e3o sendo atendidas.<\/p>\n\n\n\n<p>Ascom\/PMS<\/p>\n","protected":false},"excerpt":{"rendered":"<p>A Prefeitura de Sum\u00e9 criou o N\u00facleo de Assist\u00eancia ao Cidad\u00e3o com o objetivo de ajudar as pessoas que precisam regularizar o Cadastro da Pessoa&hellip; <\/p>\n","protected":false},"author":1,"featured_media":166973,"comment_status":"closed","ping_status":"closed","sticky":false,"template":"","format":"standard","meta":{"sfsi_plus_gutenberg_text_before_share":"","sfsi_plus_gutenberg_show_text_before_share":"","sfsi_plus_gutenberg_icon_type":"","sfsi_plus_gutenberg_icon_alignemt":"","sfsi_plus_gutenburg_max_per_row":"","footnotes":""},"categories":[6,50],"tags":[],"class_list":["post-166972","post","type-post","status-publish","format-standard","has-post-thumbnail","hentry","category-cidades","category-destaque"],"_links":{"self":[{"href":"https:\/\/www.caririemacao.com\/1\/wp-json\/wp\/v2\/posts\/166972","targetHints":{"allow":["GET"]}}],"collection":[{"href":"https:\/\/www.caririemacao.com\/1\/wp-json\/wp\/v2\/posts"}],"about":[{"href":"https:\/\/www.caririemacao.com\/1\/wp-json\/wp\/v2\/types\/post"}],"author":[{"embeddable":true,"href":"https:\/\/www.caririemacao.com\/1\/wp-json\/wp\/v2\/users\/1"}],"replies":[{"embeddable":true,"href":"https:\/\/www.caririemacao.com\/1\/wp-json\/wp\/v2\/comments?post=166972"}],"version-history":[{"count":1,"href":"https:\/\/www.caririemacao.com\/1\/wp-json\/wp\/v2\/posts\/166972\/revisions"}],"predecessor-version":[{"id":166975,"href":"https:\/\/www.caririemacao.com\/1\/wp-json\/wp\/v2\/posts\/166972\/revisions\/166975"}],"wp:featuredmedia":[{"embeddable":true,"href":"https:\/\/www.caririemacao.com\/1\/wp-json\/wp\/v2\/media\/166973"}],"wp:attachment":[{"href":"https:\/\/www.caririemacao.com\/1\/wp-json\/wp\/v2\/media?parent=166972"}],"wp:term":[{"taxonomy":"category","embeddable":true,"href":"https:\/\/www.caririemacao.com\/1\/wp-json\/wp\/v2\/categories?post=166972"},{"taxonomy":"post_tag","embeddable":true,"href":"https:\/\/www.caririemacao.com\/1\/wp-json\/wp\/v2\/tags?post=166972"}],"curies":[{"name":"wp","href":"https:\/\/api.w.org\/{rel}","templated":true}]}}