{"id":166976,"date":"2020-05-01T10:56:10","date_gmt":"2020-05-01T13:56:10","guid":{"rendered":"https:\/\/www.caririemacao.com\/1\/?p=166976"},"modified":"2020-05-01T10:56:10","modified_gmt":"2020-05-01T13:56:10","slug":"caraubas-prefeito-silvano-dudu-faz-apelo-a-populacao-para-manter-isolamento-social","status":"publish","type":"post","link":"https:\/\/www.caririemacao.com\/1\/2020\/05\/01\/caraubas-prefeito-silvano-dudu-faz-apelo-a-populacao-para-manter-isolamento-social\/","title":{"rendered":"Cara\u00fabas: Prefeito Silvano Dudu faz apelo a popula\u00e7\u00e3o para manter isolamento social"},"content":{"rendered":"\n<p>Prefeito de Cara\u00fabas, Silvano Dudu, faz apelo a popula\u00e7\u00e3o para manter o isolamento social e convida toda popula\u00e7\u00e3o de Cara\u00fabas a cumprir com as determina\u00e7\u00f5es das autoridades sanit\u00e1rias da Sa\u00fade do Estado, do Munic\u00edpio e da OMS. <\/p>\n\n\n\n<p>Clique no link e veja o v\u00eddeo<\/p>\n\n\n\n<figure class=\"wp-block-embed-facebook wp-block-embed is-type-rich is-provider-facebook\"><div class=\"wp-block-embed__wrapper\">\n<div class=\"ose- ose-uid-d67118b97339d5b790420b04eecc892c ose-embedpress-responsive\" style=\"width:600px; height:550px; max-height:550px; max-width:100%; display:inline-block;\" data-embed-type=\"Facebook\"><iframe allowFullScreen=\"true\" class=\"embera-facebook-iframe-d6711 lazyload\" data-src=\"https:\/\/www.facebook.com\/plugins\/post.php?href=https%3A%2F%2Fwww.facebook.com%2F700190323423427%2Fposts%2F2755049204604185%2F&width=600&height=550&show_text=true\" width=\"600\" height=\"550\" style=\"border:none;overflow:hidden\" scrolling=\"no\" frameborder=\"0\" allowTransparency=\"true\" src=\"data:image\/svg+xml;base64,PHN2ZyB3aWR0aD0iMSIgaGVpZ2h0PSIxIiB4bWxucz0iaHR0cDovL3d3dy53My5vcmcvMjAwMC9zdmciPjwvc3ZnPg==\" data-load-mode=\"1\"><\/iframe><\/div>\n<\/div><\/figure>\n\n\n\n<p>&#8220;Juntos haveremos de superar todos os desafios e conquistar novos objetivos&#8221;, afirmou o prefeito. <\/p>\n","protected":false},"excerpt":{"rendered":"<p>Prefeito de Cara\u00fabas, Silvano Dudu, faz apelo a popula\u00e7\u00e3o para manter o isolamento social e convida toda popula\u00e7\u00e3o de Cara\u00fabas a cumprir com as determina\u00e7\u00f5es&hellip; <\/p>\n","protected":false},"author":1,"featured_media":166980,"comment_status":"closed","ping_status":"closed","sticky":false,"template":"","format":"standard","meta":{"sfsi_plus_gutenberg_text_before_share":"","sfsi_plus_gutenberg_show_text_before_share":"","sfsi_plus_gutenberg_icon_type":"","sfsi_plus_gutenberg_icon_alignemt":"","sfsi_plus_gutenburg_max_per_row":"","footnotes":""},"categories":[6,50],"tags":[],"class_list":["post-166976","post","type-post","status-publish","format-standard","has-post-thumbnail","hentry","category-cidades","category-destaque"],"_links":{"self":[{"href":"https:\/\/www.caririemacao.com\/1\/wp-json\/wp\/v2\/posts\/166976","targetHints":{"allow":["GET"]}}],"collection":[{"href":"https:\/\/www.caririemacao.com\/1\/wp-json\/wp\/v2\/posts"}],"about":[{"href":"https:\/\/www.caririemacao.com\/1\/wp-json\/wp\/v2\/types\/post"}],"author":[{"embeddable":true,"href":"https:\/\/www.caririemacao.com\/1\/wp-json\/wp\/v2\/users\/1"}],"replies":[{"embeddable":true,"href":"https:\/\/www.caririemacao.com\/1\/wp-json\/wp\/v2\/comments?post=166976"}],"version-history":[{"count":1,"href":"https:\/\/www.caririemacao.com\/1\/wp-json\/wp\/v2\/posts\/166976\/revisions"}],"predecessor-version":[{"id":166982,"href":"https:\/\/www.caririemacao.com\/1\/wp-json\/wp\/v2\/posts\/166976\/revisions\/166982"}],"wp:featuredmedia":[{"embeddable":true,"href":"https:\/\/www.caririemacao.com\/1\/wp-json\/wp\/v2\/media\/166980"}],"wp:attachment":[{"href":"https:\/\/www.caririemacao.com\/1\/wp-json\/wp\/v2\/media?parent=166976"}],"wp:term":[{"taxonomy":"category","embeddable":true,"href":"https:\/\/www.caririemacao.com\/1\/wp-json\/wp\/v2\/categories?post=166976"},{"taxonomy":"post_tag","embeddable":true,"href":"https:\/\/www.caririemacao.com\/1\/wp-json\/wp\/v2\/tags?post=166976"}],"curies":[{"name":"wp","href":"https:\/\/api.w.org\/{rel}","templated":true}]}}