{"id":166983,"date":"2020-05-01T11:08:00","date_gmt":"2020-05-01T14:08:00","guid":{"rendered":"https:\/\/www.caririemacao.com\/1\/?p=166983"},"modified":"2020-05-01T11:08:40","modified_gmt":"2020-05-01T14:08:40","slug":"vereador-paulo-junior-agradece-e-parabeniza-todos-os-profissionais-da-saude","status":"publish","type":"post","link":"https:\/\/www.caririemacao.com\/1\/2020\/05\/01\/vereador-paulo-junior-agradece-e-parabeniza-todos-os-profissionais-da-saude\/","title":{"rendered":"Vereador Paulo J\u00fanior, agradece e parabeniza todos os profissionais da sa\u00fade e demais \u00e1reas"},"content":{"rendered":"\n<p>O vereador de Ouro Velho, Paulo J\u00fanior, publicou em suas redes sociais, um texto em que agradece e parabeniza todos os profissionais da \u00e1rea da sa\u00fade, e demais profissionais. <\/p>\n\n\n\n<p>No texto ele diz: &#8220;neste dia 1\u00ba de maio, Dia do Trabalho, quero agradecer a todos aqueles que trabalham na profiss\u00e3o dos cuidados com a vida, por seu comprometimento e sua dilig\u00eancia altru\u00edstas e solid\u00e1ria, agora que assumem pap\u00e9is de import\u00e2ncia vital para proteger e melhorar a sa\u00fade e o bem-estar das pessoas.<br><br>E contina dizendo: &#8220;em \u00e9pocas \u00e1rduas, muitas vezes observamos que o melhor do esp\u00edrito humano toma a dianteira; a dedica\u00e7\u00e3o de incont\u00e1veis enfermeiras(os), t\u00e9cnicos, farmac\u00eauticos, fisioterapeutas, dentistas, m\u00e9dicos, motoristas, profissionais de limpeza, merendeiras, auxiliares, administradores e muitos outros e outros profissionais ao servi\u00e7o nestas circunst\u00e2ncias das mais desafiadoras \u00e9 um exemplo para todos n\u00f3s.<br>Ouro Velho parabeniza a a\u00e7\u00e3o de cada um de voc\u00eas&#8221;, concluiu. <br><\/p>\n","protected":false},"excerpt":{"rendered":"<p>O vereador de Ouro Velho, Paulo J\u00fanior, publicou em suas redes sociais, um texto em que agradece e parabeniza todos os profissionais da \u00e1rea da&hellip; <\/p>\n","protected":false},"author":1,"featured_media":166984,"comment_status":"closed","ping_status":"closed","sticky":false,"template":"","format":"standard","meta":{"sfsi_plus_gutenberg_text_before_share":"","sfsi_plus_gutenberg_show_text_before_share":"","sfsi_plus_gutenberg_icon_type":"","sfsi_plus_gutenberg_icon_alignemt":"","sfsi_plus_gutenburg_max_per_row":"","footnotes":""},"categories":[6,50],"tags":[],"class_list":["post-166983","post","type-post","status-publish","format-standard","has-post-thumbnail","hentry","category-cidades","category-destaque"],"_links":{"self":[{"href":"https:\/\/www.caririemacao.com\/1\/wp-json\/wp\/v2\/posts\/166983","targetHints":{"allow":["GET"]}}],"collection":[{"href":"https:\/\/www.caririemacao.com\/1\/wp-json\/wp\/v2\/posts"}],"about":[{"href":"https:\/\/www.caririemacao.com\/1\/wp-json\/wp\/v2\/types\/post"}],"author":[{"embeddable":true,"href":"https:\/\/www.caririemacao.com\/1\/wp-json\/wp\/v2\/users\/1"}],"replies":[{"embeddable":true,"href":"https:\/\/www.caririemacao.com\/1\/wp-json\/wp\/v2\/comments?post=166983"}],"version-history":[{"count":2,"href":"https:\/\/www.caririemacao.com\/1\/wp-json\/wp\/v2\/posts\/166983\/revisions"}],"predecessor-version":[{"id":166986,"href":"https:\/\/www.caririemacao.com\/1\/wp-json\/wp\/v2\/posts\/166983\/revisions\/166986"}],"wp:featuredmedia":[{"embeddable":true,"href":"https:\/\/www.caririemacao.com\/1\/wp-json\/wp\/v2\/media\/166984"}],"wp:attachment":[{"href":"https:\/\/www.caririemacao.com\/1\/wp-json\/wp\/v2\/media?parent=166983"}],"wp:term":[{"taxonomy":"category","embeddable":true,"href":"https:\/\/www.caririemacao.com\/1\/wp-json\/wp\/v2\/categories?post=166983"},{"taxonomy":"post_tag","embeddable":true,"href":"https:\/\/www.caririemacao.com\/1\/wp-json\/wp\/v2\/tags?post=166983"}],"curies":[{"name":"wp","href":"https:\/\/api.w.org\/{rel}","templated":true}]}}