{"id":166987,"date":"2020-05-01T11:15:45","date_gmt":"2020-05-01T14:15:45","guid":{"rendered":"https:\/\/www.caririemacao.com\/1\/?p=166987"},"modified":"2020-05-01T11:15:45","modified_gmt":"2020-05-01T14:15:45","slug":"caraubas-secretaria-de-saude-adquire-epis-para-profissionais-que-atuam-no-combate-a-covid-19","status":"publish","type":"post","link":"https:\/\/www.caririemacao.com\/1\/2020\/05\/01\/caraubas-secretaria-de-saude-adquire-epis-para-profissionais-que-atuam-no-combate-a-covid-19\/","title":{"rendered":"Cara\u00fabas: Secretaria de Sa\u00fade adquire EPI&#8217;s  para profissionais que atuam no combate a Covid-19"},"content":{"rendered":"\n<p>A Secretaria da Sa\u00fade do munic\u00edpio de Cara\u00fabas adquiriu essa semana 40 (quarenta) macac\u00e3o especial para os profissionais que est\u00e3o trabalhando no combate ao COVID-19 virus respons\u00e1vel por transmitir o coronavirus. Al\u00e9m dos macac\u00f5es, luvas, mascaras, protetores e cal\u00e7ados especiais fazem parte da indument\u00e1ria necess\u00e1ria na prote\u00e7\u00e3o aos t\u00e9cnicos da sa\u00fade.<\/p>\n\n\n\n<p><br>De acordo com o secret\u00e1rio da sa\u00fade. Leonardo Eneas Almeida, foram investidos mais de R$ 3.000,00 (Tr\u00eas Mil Reais) na aquisi\u00e7\u00e3o desses EPIs e que ir\u00e3o, caso necess\u00e1rio, ser usados pela equipe quando for detectado algum caso suspeito ou confirmado no munic\u00edpio.<br>O secret\u00e1rio informou que Cara\u00fabas n\u00e3o tem nenhum caso registrado de coronavirus e isso se deve inicialmente as a\u00e7\u00f5es do Poder P\u00fablico que atrav\u00e9s de Decreto suspender algumas atividades e reduzindo o contato com as pessoas atrav\u00e9s do isolamento social.<\/p>\n\n\n\n<p><br>De acordo com o Departamento de Vigil\u00e2ncia em Sa\u00fade no momento temos no munic\u00edpio de Cara\u00fabas &#8211; PB, 06(seis) pessoas em isolamento domiciliar por terem chegado de outros estados com situa\u00e7\u00e3o grave da pandemia do COVID-19. Desse total, 04(quatro) casos na sede do munic\u00edpio e 02 (dois) casos no Distrito de Barreiras, sendo 01(um) desses casos do Distrito de Barreiras apenas por s\u00edndrome gripal, por\u00e9m a equipe preferiu isolar o caso para ter um maior controle.<\/p>\n\n\n\n<p><br>Ainda de acordo com dados da Secretaria da Sa\u00fade o munic\u00edpio teve 02 (dois) casos que j\u00e1 terminaram seu isolamento sem nenhum sintoma, al\u00e9m de 01(um) caso testado negativo para covid 19.<\/p>\n\n\n\n<p><br>Lembramos aos profissionais que esses equipamentos especiais, como o macac\u00e3o n\u00e3o ser\u00e3o distribu\u00eddos, mas que ficaram a disposi\u00e7\u00e3o dos profissionais na sede da SMS para caso necess\u00e1rio seja usado. Iremos distribuir a quantidade necess\u00e1ria e suficiente dos demais EPIs para todos os t\u00e9cnicos da sa\u00fade com o objetivo de garantir o trabalho seguro e a sa\u00fade desses seres que est\u00e3o na linha de frente ao COVID-19, concluiu Leonardo.<\/p>\n\n\n\n<p>Fonte: SEPLACOM<br>Foto: Miguel Filho<\/p>\n","protected":false},"excerpt":{"rendered":"<p>A Secretaria da Sa\u00fade do munic\u00edpio de Cara\u00fabas adquiriu essa semana 40 (quarenta) macac\u00e3o especial para os profissionais que est\u00e3o trabalhando no combate ao COVID-19&hellip; <\/p>\n","protected":false},"author":1,"featured_media":166988,"comment_status":"closed","ping_status":"closed","sticky":false,"template":"","format":"standard","meta":{"sfsi_plus_gutenberg_text_before_share":"","sfsi_plus_gutenberg_show_text_before_share":"","sfsi_plus_gutenberg_icon_type":"","sfsi_plus_gutenberg_icon_alignemt":"","sfsi_plus_gutenburg_max_per_row":"","footnotes":""},"categories":[6,50],"tags":[],"class_list":["post-166987","post","type-post","status-publish","format-standard","has-post-thumbnail","hentry","category-cidades","category-destaque"],"_links":{"self":[{"href":"https:\/\/www.caririemacao.com\/1\/wp-json\/wp\/v2\/posts\/166987","targetHints":{"allow":["GET"]}}],"collection":[{"href":"https:\/\/www.caririemacao.com\/1\/wp-json\/wp\/v2\/posts"}],"about":[{"href":"https:\/\/www.caririemacao.com\/1\/wp-json\/wp\/v2\/types\/post"}],"author":[{"embeddable":true,"href":"https:\/\/www.caririemacao.com\/1\/wp-json\/wp\/v2\/users\/1"}],"replies":[{"embeddable":true,"href":"https:\/\/www.caririemacao.com\/1\/wp-json\/wp\/v2\/comments?post=166987"}],"version-history":[{"count":1,"href":"https:\/\/www.caririemacao.com\/1\/wp-json\/wp\/v2\/posts\/166987\/revisions"}],"predecessor-version":[{"id":166989,"href":"https:\/\/www.caririemacao.com\/1\/wp-json\/wp\/v2\/posts\/166987\/revisions\/166989"}],"wp:featuredmedia":[{"embeddable":true,"href":"https:\/\/www.caririemacao.com\/1\/wp-json\/wp\/v2\/media\/166988"}],"wp:attachment":[{"href":"https:\/\/www.caririemacao.com\/1\/wp-json\/wp\/v2\/media?parent=166987"}],"wp:term":[{"taxonomy":"category","embeddable":true,"href":"https:\/\/www.caririemacao.com\/1\/wp-json\/wp\/v2\/categories?post=166987"},{"taxonomy":"post_tag","embeddable":true,"href":"https:\/\/www.caririemacao.com\/1\/wp-json\/wp\/v2\/tags?post=166987"}],"curies":[{"name":"wp","href":"https:\/\/api.w.org\/{rel}","templated":true}]}}