{"id":166994,"date":"2020-05-01T11:21:38","date_gmt":"2020-05-01T14:21:38","guid":{"rendered":"https:\/\/www.caririemacao.com\/1\/?p=166994"},"modified":"2020-05-01T11:21:39","modified_gmt":"2020-05-01T14:21:39","slug":"homem-e-preso-na-paraiba-vendendo-garrafada-para-curar-coronavirus-por-r-100","status":"publish","type":"post","link":"https:\/\/www.caririemacao.com\/1\/2020\/05\/01\/homem-e-preso-na-paraiba-vendendo-garrafada-para-curar-coronavirus-por-r-100\/","title":{"rendered":"Homem \u00e9 preso na Para\u00edba vendendo \u201cgarrafada\u201d para curar coronav\u00edrus por R$ 100"},"content":{"rendered":"\n<p>Um homem foi preso em Santa Rita, na noite dessa quinta-feira (30), acusado de vender um falso medicamento com a promessa de curar Aids, c\u00e2ncer e covid-19. O produto, um tipo de &#8216;garrafada&#8217;, era vendido por R$ 100 o litro.<\/p>\n\n\n\n<p>A a\u00e7\u00e3o, que teve o apoio do Minist\u00e9rio P\u00fablico da Para\u00edba e Ag\u00eancia Estadual de Vigil\u00e2ncia Sanit\u00e1ria, ocorreu no bairro de Marcos Moura, em Santa Rita.<\/p>\n\n\n\n<p>Segundo a Pol\u00edcia Civil, o homem de 49 anos vinha sendo investigado por equipes da Delegacia Seccional de Santa Rita por anunciar em redes sociais um falso medicamento feito \u00e0 base de ervas.<\/p>\n\n\n\n<p>Ap\u00f3s obter ordens judiciais, os policiais civis realizaram buscas em um im\u00f3vel comercial usado pelo suspeito para a fabrica\u00e7\u00e3o do falso medicamento.<\/p>\n\n\n\n<p>No local foram encontrados v\u00e1rios insumos e utens\u00edlios usados na produ\u00e7\u00e3o. O im\u00f3vel n\u00e3o possu\u00eda alvar\u00e1 de funcionamento e nem autoriza\u00e7\u00f5es sanit\u00e1rias para ser utilizado como local de fabrica\u00e7\u00e3o de medicamentos.<\/p>\n\n\n\n<p>O com\u00e9rcio foi interditado e o homem foi preso em flagrante delito e autuado por crime contra a sa\u00fade p\u00fablica. O delito \u00e9 considerado hediondo e a pena m\u00e1xima \u00e9 de 15 anos.<\/p>\n\n\n\n<p>Ele foi conduzido para a carceragem da Central de Pol\u00edcia Civil, em Jo\u00e3o Pessoa.<\/p>\n","protected":false},"excerpt":{"rendered":"<p>Um homem foi preso em Santa Rita, na noite dessa quinta-feira (30), acusado de vender um falso medicamento com a promessa de curar Aids, c\u00e2ncer&hellip; <\/p>\n","protected":false},"author":2,"featured_media":166996,"comment_status":"closed","ping_status":"closed","sticky":false,"template":"","format":"standard","meta":{"sfsi_plus_gutenberg_text_before_share":"","sfsi_plus_gutenberg_show_text_before_share":"","sfsi_plus_gutenberg_icon_type":"","sfsi_plus_gutenberg_icon_alignemt":"","sfsi_plus_gutenburg_max_per_row":"","footnotes":""},"categories":[12],"tags":[],"class_list":["post-166994","post","type-post","status-publish","format-standard","has-post-thumbnail","hentry","category-policia"],"_links":{"self":[{"href":"https:\/\/www.caririemacao.com\/1\/wp-json\/wp\/v2\/posts\/166994","targetHints":{"allow":["GET"]}}],"collection":[{"href":"https:\/\/www.caririemacao.com\/1\/wp-json\/wp\/v2\/posts"}],"about":[{"href":"https:\/\/www.caririemacao.com\/1\/wp-json\/wp\/v2\/types\/post"}],"author":[{"embeddable":true,"href":"https:\/\/www.caririemacao.com\/1\/wp-json\/wp\/v2\/users\/2"}],"replies":[{"embeddable":true,"href":"https:\/\/www.caririemacao.com\/1\/wp-json\/wp\/v2\/comments?post=166994"}],"version-history":[{"count":1,"href":"https:\/\/www.caririemacao.com\/1\/wp-json\/wp\/v2\/posts\/166994\/revisions"}],"predecessor-version":[{"id":166995,"href":"https:\/\/www.caririemacao.com\/1\/wp-json\/wp\/v2\/posts\/166994\/revisions\/166995"}],"wp:featuredmedia":[{"embeddable":true,"href":"https:\/\/www.caririemacao.com\/1\/wp-json\/wp\/v2\/media\/166996"}],"wp:attachment":[{"href":"https:\/\/www.caririemacao.com\/1\/wp-json\/wp\/v2\/media?parent=166994"}],"wp:term":[{"taxonomy":"category","embeddable":true,"href":"https:\/\/www.caririemacao.com\/1\/wp-json\/wp\/v2\/categories?post=166994"},{"taxonomy":"post_tag","embeddable":true,"href":"https:\/\/www.caririemacao.com\/1\/wp-json\/wp\/v2\/tags?post=166994"}],"curies":[{"name":"wp","href":"https:\/\/api.w.org\/{rel}","templated":true}]}}