{"id":167001,"date":"2020-05-01T11:57:48","date_gmt":"2020-05-01T14:57:48","guid":{"rendered":"https:\/\/www.caririemacao.com\/1\/?p=167001"},"modified":"2020-05-01T11:57:48","modified_gmt":"2020-05-01T14:57:48","slug":"porto-de-mataraca-e-tema-de-videoconferencia","status":"publish","type":"post","link":"https:\/\/www.caririemacao.com\/1\/2020\/05\/01\/porto-de-mataraca-e-tema-de-videoconferencia\/","title":{"rendered":"Porto de Mataraca \u00e9 tema de videoconfer\u00eancia"},"content":{"rendered":"\n<p>O Porto ficar\u00e1 localizado no munic\u00edpio de Mataraca (PB) e a previs\u00e3o \u00e9 que ele viabiliza a atracagem de navios de grande porte na Para\u00edba, beneficiando a economia estadual e proporcionando desenvolvimento e gera\u00e7\u00e3o de emprego e renda para a regi\u00e3o.<\/p>\n\n\n\n<p>O superintendente da Sudene, Evaldo Cruz Neto, foi convidado para participar da videoconfer\u00eancia e defendeu a inclus\u00e3o do Porto de Mataraca no Plano Regional de Desenvolvimento do Nordeste (PRDNE), colocando o projeto em um \u201cpatamar diferenciado\u201d, inclusive em rela\u00e7\u00e3o a aloca\u00e7\u00e3o de recursos. O PRDNE foi elaborado pela Superintend\u00eancia do Desenvolvimento do Nordeste, est\u00e1 tramitando no Congresso Nacional e vai orientar a condu\u00e7\u00e3o das pol\u00edticas p\u00fablicas para o desenvolvimento da \u00e1rea de atua\u00e7\u00e3o da Sudene \u2013 formada pelos nove estados nordestinos e por\u00e7\u00f5es do norte de Minas Gerais e Esp\u00edrito Santo.<\/p>\n\n\n\n<p>A ideia \u00e9 que O PRDNE aperfei\u00e7oe a aplica\u00e7\u00e3o de recursos or\u00e7ament\u00e1rios na Regi\u00e3o, influencie no PPI Federal, qualifique as diretrizes e prioridades dos fundos de financiamento (FDNE e FNE), torne a aplica\u00e7\u00e3o de emendas parlamentares mais eficiente, proponha e incentive novos modelos de financiamento e atraia investimentos privados por meio da articula\u00e7\u00e3o de stakeholders para viabilizar projetos de impacto regional.<\/p>\n\n\n\n<p>Evaldo ressaltou, ainda que a Sudene pode apoiar a implanta\u00e7\u00e3o do porto atrav\u00e9s de um acordo de coopera\u00e7\u00e3o entre a Autarquia e o BNDES, assinado na 26\u00aa Reuni\u00e3o do Conselho Deliberativo da Sudene. A parceria prev\u00ea que o banco apoie a Superintend\u00eancia na estrutura\u00e7\u00e3o de parcerias p\u00fablico-privadas, concess\u00f5es e organiza\u00e7\u00e3o para viabiliza\u00e7\u00e3o das iniciativas do PRDNE voltadas a setores como infraestrutura, recursos h\u00eddricos, sa\u00fade, entre outros.<\/p>\n\n\n\n<p>O gestor se comprometeu em avaliar a possibilidade do Fundo de Desenvolvimento do Nordeste (FDNE), administrado pela Sudene, financiar, a partir de 2021, a constru\u00e7\u00e3o de portos, e n\u00e3o apenas a revitaliza\u00e7\u00e3o, como \u00e9 a regra atual. A partir de seu papel de articuladora, a Sudene pode, na vis\u00e3o do gestor, organizar eventos com investidores para apresentar o Porto de Mataraca, utilizar a expertise da equipe t\u00e9cnica na formata\u00e7\u00e3o do projeto e apoiar a elabora\u00e7\u00e3o de um plano desenvolvimento do litoral norte do Estado.<br>A videoconfer\u00eancia reuniu representantes dos Minist\u00e9rios do Desenvolvimento Regional e da Infraestrutura, al\u00e9m da Secretaria Nacional de Portos, DNOCS, prefeituras e parlamentares paraibanos, como Moacir Rodrigues, Tovar Correia Lima e Ranieri Paulino.<\/p>\n","protected":false},"excerpt":{"rendered":"<p>O Porto ficar\u00e1 localizado no munic\u00edpio de Mataraca (PB) e a previs\u00e3o \u00e9 que ele viabiliza a atracagem de navios de grande porte na Para\u00edba,&hellip; <\/p>\n","protected":false},"author":1,"featured_media":167002,"comment_status":"closed","ping_status":"closed","sticky":false,"template":"","format":"standard","meta":{"sfsi_plus_gutenberg_text_before_share":"","sfsi_plus_gutenberg_show_text_before_share":"","sfsi_plus_gutenberg_icon_type":"","sfsi_plus_gutenberg_icon_alignemt":"","sfsi_plus_gutenburg_max_per_row":"","footnotes":""},"categories":[2],"tags":[],"class_list":["post-167001","post","type-post","status-publish","format-standard","has-post-thumbnail","hentry","category-geral"],"_links":{"self":[{"href":"https:\/\/www.caririemacao.com\/1\/wp-json\/wp\/v2\/posts\/167001","targetHints":{"allow":["GET"]}}],"collection":[{"href":"https:\/\/www.caririemacao.com\/1\/wp-json\/wp\/v2\/posts"}],"about":[{"href":"https:\/\/www.caririemacao.com\/1\/wp-json\/wp\/v2\/types\/post"}],"author":[{"embeddable":true,"href":"https:\/\/www.caririemacao.com\/1\/wp-json\/wp\/v2\/users\/1"}],"replies":[{"embeddable":true,"href":"https:\/\/www.caririemacao.com\/1\/wp-json\/wp\/v2\/comments?post=167001"}],"version-history":[{"count":1,"href":"https:\/\/www.caririemacao.com\/1\/wp-json\/wp\/v2\/posts\/167001\/revisions"}],"predecessor-version":[{"id":167003,"href":"https:\/\/www.caririemacao.com\/1\/wp-json\/wp\/v2\/posts\/167001\/revisions\/167003"}],"wp:featuredmedia":[{"embeddable":true,"href":"https:\/\/www.caririemacao.com\/1\/wp-json\/wp\/v2\/media\/167002"}],"wp:attachment":[{"href":"https:\/\/www.caririemacao.com\/1\/wp-json\/wp\/v2\/media?parent=167001"}],"wp:term":[{"taxonomy":"category","embeddable":true,"href":"https:\/\/www.caririemacao.com\/1\/wp-json\/wp\/v2\/categories?post=167001"},{"taxonomy":"post_tag","embeddable":true,"href":"https:\/\/www.caririemacao.com\/1\/wp-json\/wp\/v2\/tags?post=167001"}],"curies":[{"name":"wp","href":"https:\/\/api.w.org\/{rel}","templated":true}]}}