{"id":167004,"date":"2020-05-01T12:02:25","date_gmt":"2020-05-01T15:02:25","guid":{"rendered":"https:\/\/www.caririemacao.com\/1\/?p=167004"},"modified":"2020-05-01T12:02:28","modified_gmt":"2020-05-01T15:02:28","slug":"segundo-caso-de-covid-19-e-confirmado-em-monteiro","status":"publish","type":"post","link":"https:\/\/www.caririemacao.com\/1\/2020\/05\/01\/segundo-caso-de-covid-19-e-confirmado-em-monteiro\/","title":{"rendered":"Segundo caso de Covid-19 \u00e9 confirmado em Monteiro"},"content":{"rendered":"\n<div class=\"wp-block-image\"><figure class=\"aligncenter\"><img decoding=\"async\" data-src=\"https:\/\/opipoco.com.br\/wp-content\/uploads\/2020\/04\/download-1.jpg\" alt=\"download-1 Segundo caso de Covid-19 \u00e9 confirmado em Monteiro\" class=\"wp-image-88435 lazyload\" title=\"download-1 Segundo caso de Covid-19 \u00e9 confirmado em Monteiro\" src=\"data:image\/svg+xml;base64,PHN2ZyB3aWR0aD0iMSIgaGVpZ2h0PSIxIiB4bWxucz0iaHR0cDovL3d3dy53My5vcmcvMjAwMC9zdmciPjwvc3ZnPg==\" \/><\/figure><\/div>\n\n\n\n<p>O segundo caso de coronav\u00edrus em\u00a0<strong>Monteiro<\/strong>\u00a0foi confirmado pela secret\u00e1ria de sa\u00fade do munic\u00edpio nesta sexta-feira (01).<\/p>\n\n\n\n<p>De acordo com informa\u00e7\u00f5es, o paciente, \u00e9 um caminhoneiro de 56 anos, residente em S\u00e3o Paulo, hist\u00f3rico de viagem para o Piau\u00ed, hipertenso, diab\u00e9tico, doen\u00e7a de Chagas, h\u00e1 08 dias apresenta sintomas de tosse, febre. Ainda de acordo com informa\u00e7\u00f5es, o homem chegou ontem no munic\u00edpio de Monteiro, foi encaminhado ao Hospital Regional Santa Filomena, o mesmo encontra-se&nbsp; no isolamento.<\/p>\n\n\n\n<p>Esse \u00e9 o segundo caso de Covid-19 confirmado no munic\u00edpio.<\/p>\n\n\n\n<p><strong>FOXPB<\/strong><\/p>\n","protected":false},"excerpt":{"rendered":"<p>O segundo caso de coronav\u00edrus em\u00a0Monteiro\u00a0foi confirmado pela secret\u00e1ria de sa\u00fade do munic\u00edpio nesta sexta-feira (01). De acordo com informa\u00e7\u00f5es, o paciente, \u00e9 um caminhoneiro&hellip; <\/p>\n","protected":false},"author":2,"featured_media":166418,"comment_status":"closed","ping_status":"closed","sticky":false,"template":"","format":"standard","meta":{"sfsi_plus_gutenberg_text_before_share":"","sfsi_plus_gutenberg_show_text_before_share":"","sfsi_plus_gutenberg_icon_type":"","sfsi_plus_gutenberg_icon_alignemt":"","sfsi_plus_gutenburg_max_per_row":"","footnotes":""},"categories":[50,2],"tags":[],"class_list":["post-167004","post","type-post","status-publish","format-standard","has-post-thumbnail","hentry","category-destaque","category-geral"],"_links":{"self":[{"href":"https:\/\/www.caririemacao.com\/1\/wp-json\/wp\/v2\/posts\/167004","targetHints":{"allow":["GET"]}}],"collection":[{"href":"https:\/\/www.caririemacao.com\/1\/wp-json\/wp\/v2\/posts"}],"about":[{"href":"https:\/\/www.caririemacao.com\/1\/wp-json\/wp\/v2\/types\/post"}],"author":[{"embeddable":true,"href":"https:\/\/www.caririemacao.com\/1\/wp-json\/wp\/v2\/users\/2"}],"replies":[{"embeddable":true,"href":"https:\/\/www.caririemacao.com\/1\/wp-json\/wp\/v2\/comments?post=167004"}],"version-history":[{"count":1,"href":"https:\/\/www.caririemacao.com\/1\/wp-json\/wp\/v2\/posts\/167004\/revisions"}],"predecessor-version":[{"id":167006,"href":"https:\/\/www.caririemacao.com\/1\/wp-json\/wp\/v2\/posts\/167004\/revisions\/167006"}],"wp:featuredmedia":[{"embeddable":true,"href":"https:\/\/www.caririemacao.com\/1\/wp-json\/wp\/v2\/media\/166418"}],"wp:attachment":[{"href":"https:\/\/www.caririemacao.com\/1\/wp-json\/wp\/v2\/media?parent=167004"}],"wp:term":[{"taxonomy":"category","embeddable":true,"href":"https:\/\/www.caririemacao.com\/1\/wp-json\/wp\/v2\/categories?post=167004"},{"taxonomy":"post_tag","embeddable":true,"href":"https:\/\/www.caririemacao.com\/1\/wp-json\/wp\/v2\/tags?post=167004"}],"curies":[{"name":"wp","href":"https:\/\/api.w.org\/{rel}","templated":true}]}}