{"id":167005,"date":"2020-05-01T12:05:04","date_gmt":"2020-05-01T15:05:04","guid":{"rendered":"https:\/\/www.caririemacao.com\/1\/?p=167005"},"modified":"2020-05-01T12:05:04","modified_gmt":"2020-05-01T15:05:04","slug":"caraubas-prefeitura-inicia-recuperacao-de-estradas-vicinais-deterioradas-pelas-chuvas","status":"publish","type":"post","link":"https:\/\/www.caririemacao.com\/1\/2020\/05\/01\/caraubas-prefeitura-inicia-recuperacao-de-estradas-vicinais-deterioradas-pelas-chuvas\/","title":{"rendered":"Cara\u00fabas: Prefeitura inicia recupera\u00e7\u00e3o de estradas vicinais deterioradas pelas chuvas"},"content":{"rendered":"\n<p>A Prefeitura Municipal de Cara\u00fabas atrav\u00e9s da secretaria de Obras P\u00fablicas e Servi\u00e7os Urbanos \u2013 SOPSUR deu inicio esta semana ao programa de recupera\u00e7\u00e3o de toda malha vi\u00e1ria do munic\u00edpio deteriorada pelas chuvas ocasionadas este ano.<\/p>\n\n\n\n<p><br>De acordo com o secret\u00e1rio Jos\u00e9 Marcelo Neves ser\u00e1 um trabalho \u00e1rduo mais que por determina\u00e7\u00e3o do prefeito Silvano Dudu iremos realizar o maior programa de restaura\u00e7\u00e3o e recupera\u00e7\u00e3o da malha vi\u00e1ria municipal. S\u00e3o estradas vicinais que foram danificadas pelas fortes chuvas ca\u00eddas este ano em nossa regi\u00e3o e em especial no munic\u00edpio de Cara\u00fabas, afirmou ele.<br>Estamos utilizando nossa m\u00e3o de obra local com a utiliza\u00e7\u00e3o das m\u00e1quinas e equipamentos do PAC como retroescavadeira, patrol e ca\u00e7amba. Os servidores p\u00fablicos do quadro do munic\u00edpio e os contratados especificamente para ajudar nesse trabalho. Temos muito ch\u00e3o para recuperar. Ser\u00e3o mais de 300 km de estradas que dever\u00e3o ser recuperadas este ano, concluiu Marcelo.<\/p>\n\n\n\n<p><br>O prefeito Silvano Dudu se mostrou preocupado com todos os acessos vicinais. A popula\u00e7\u00e3o tem cobrado muito da gest\u00e3o, mas precisamos entender que enquanto estiver no per\u00edodo de chuvas n\u00e3o temos como recuperar perfeitamente nossa malha vi\u00e1ria. Mas estamos iniciando o maior projeto de recupera\u00e7\u00e3o de estradas vicinais visto em Cara\u00fabas, disse ele.<br>Um cronograma esta sendo elaborado pela SOPSUR para que todas as \u00e1reas rurais do munic\u00edpio sejam contempladas. Vamos colocar o cascalho e aterro necess\u00e1rio para recupera\u00e7\u00e3o dessas vias, pois, a chuva que sempre \u00e9 muito bem vinda acabou com o aterro existente na estrada de carro\u00e7\u00e1vel, concluiu o prefeito.<\/p>\n\n\n\n<p><br>Semana que vem Cara\u00fabas completa 23 anos da sua Emancipa\u00e7\u00e3o Pol\u00edtica e em virtude da pandemia do Coronavirus estamos impedidos de promover solenidades p\u00fablicas com o prop\u00f3sito de evitar aglomera\u00e7\u00f5es, mas lan\u00e7amos este programa dentro da programa\u00e7\u00e3o de anivers\u00e1rio do nosso munic\u00edpio.<\/p>\n\n\n\n<p>Fonte: SEPLACOM<br>Foto: Miguel Filho<\/p>\n","protected":false},"excerpt":{"rendered":"<p>A Prefeitura Municipal de Cara\u00fabas atrav\u00e9s da secretaria de Obras P\u00fablicas e Servi\u00e7os Urbanos \u2013 SOPSUR deu inicio esta semana ao programa de recupera\u00e7\u00e3o de&hellip; <\/p>\n","protected":false},"author":1,"featured_media":167007,"comment_status":"closed","ping_status":"closed","sticky":false,"template":"","format":"standard","meta":{"sfsi_plus_gutenberg_text_before_share":"","sfsi_plus_gutenberg_show_text_before_share":"","sfsi_plus_gutenberg_icon_type":"","sfsi_plus_gutenberg_icon_alignemt":"","sfsi_plus_gutenburg_max_per_row":"","footnotes":""},"categories":[6,50],"tags":[],"class_list":["post-167005","post","type-post","status-publish","format-standard","has-post-thumbnail","hentry","category-cidades","category-destaque"],"_links":{"self":[{"href":"https:\/\/www.caririemacao.com\/1\/wp-json\/wp\/v2\/posts\/167005","targetHints":{"allow":["GET"]}}],"collection":[{"href":"https:\/\/www.caririemacao.com\/1\/wp-json\/wp\/v2\/posts"}],"about":[{"href":"https:\/\/www.caririemacao.com\/1\/wp-json\/wp\/v2\/types\/post"}],"author":[{"embeddable":true,"href":"https:\/\/www.caririemacao.com\/1\/wp-json\/wp\/v2\/users\/1"}],"replies":[{"embeddable":true,"href":"https:\/\/www.caririemacao.com\/1\/wp-json\/wp\/v2\/comments?post=167005"}],"version-history":[{"count":1,"href":"https:\/\/www.caririemacao.com\/1\/wp-json\/wp\/v2\/posts\/167005\/revisions"}],"predecessor-version":[{"id":167008,"href":"https:\/\/www.caririemacao.com\/1\/wp-json\/wp\/v2\/posts\/167005\/revisions\/167008"}],"wp:featuredmedia":[{"embeddable":true,"href":"https:\/\/www.caririemacao.com\/1\/wp-json\/wp\/v2\/media\/167007"}],"wp:attachment":[{"href":"https:\/\/www.caririemacao.com\/1\/wp-json\/wp\/v2\/media?parent=167005"}],"wp:term":[{"taxonomy":"category","embeddable":true,"href":"https:\/\/www.caririemacao.com\/1\/wp-json\/wp\/v2\/categories?post=167005"},{"taxonomy":"post_tag","embeddable":true,"href":"https:\/\/www.caririemacao.com\/1\/wp-json\/wp\/v2\/tags?post=167005"}],"curies":[{"name":"wp","href":"https:\/\/api.w.org\/{rel}","templated":true}]}}