{"id":167011,"date":"2020-05-01T13:39:53","date_gmt":"2020-05-01T16:39:53","guid":{"rendered":"https:\/\/www.caririemacao.com\/1\/?p=167011"},"modified":"2020-05-01T13:39:55","modified_gmt":"2020-05-01T16:39:55","slug":"policia-apreende-armas-e-prende-suspeitos-de-tentativa-de-homicidio-no-sertao","status":"publish","type":"post","link":"https:\/\/www.caririemacao.com\/1\/2020\/05\/01\/policia-apreende-armas-e-prende-suspeitos-de-tentativa-de-homicidio-no-sertao\/","title":{"rendered":"Pol\u00edcia apreende armas e prende suspeitos de tentativa de homic\u00eddio no Sert\u00e3o"},"content":{"rendered":"\n<h1 class=\"wp-block-heading\"><\/h1>\n\n\n\n<p> A Opera\u00e7\u00e3o Trabalhador, realizada pela Pol\u00edcia Militar neste feriado de 1\u00ba de maio, resultou na captura de um homem acusado de tentativa de homic\u00eddio, apreens\u00e3o de v\u00e1rias armas de fogo, e pris\u00e3o de suspeitos de furto no Sert\u00e3o paraibano. As a\u00e7\u00f5es aconteceram entre a noite de ontem (30) e a manh\u00e3 desta sexta-feira (1\u00ba).<\/p>\n\n\n\n<p>Na ocorr\u00eancia mais recente, j\u00e1 nas primeiras horas de hoje, policiais da 5\u00aa Companhia Independente localizaram um homem de 31 anos de idade, no munic\u00edpio de Tavares, e que contra ele havia um mandado de pris\u00e3o em aberto pelo crime de tentativa homic\u00eddio. Na casa dele os policiais apreenderam seis espingardas e diversas muni\u00e7\u00f5es.<\/p>\n\n\n\n<p>Em Nova Olinda, na noite de quinta-feira, policiais da For\u00e7a T\u00e1tica do 13\u00ba Batalh\u00e3o frustraram um crime e prenderam dois suspeitos que teriam furtado v\u00e1rios objetos de uma secretaria municipal da cidade. Com a dupla, a PM recuperou o computador que seria levado, impressora, entre outros objetos.<img decoding=\"async\" data-src=\"https:\/\/paraibaonline.com.br\/wp-content\/uploads\/2020\/05\/unnamed-2-556x417.jpg\" alt=\"Foto: Secom\/PB\" data-srcset=\"https:\/\/paraibaonline.com.br\/wp-content\/uploads\/2020\/05\/unnamed-2-556x417.jpg 556w, https:\/\/paraibaonline.com.br\/wp-content\/uploads\/2020\/05\/unnamed-2-883x662.jpg 883w, https:\/\/paraibaonline.com.br\/wp-content\/uploads\/2020\/05\/unnamed-2-800x600.jpg 800w, https:\/\/paraibaonline.com.br\/wp-content\/uploads\/2020\/05\/unnamed-2.jpg 1280w\" src=\"data:image\/svg+xml;base64,PHN2ZyB3aWR0aD0iMSIgaGVpZ2h0PSIxIiB4bWxucz0iaHR0cDovL3d3dy53My5vcmcvMjAwMC9zdmciPjwvc3ZnPg==\" class=\"lazyload\" style=\"--smush-placeholder-width: 556px; --smush-placeholder-aspect-ratio: 556\/417;\"><\/p>\n\n\n\n<p>Foto: Secom\/PB<\/p>\n\n\n\n<p><strong>A\u00e7\u00f5es no tr\u00e2nsito \u2013<\/strong>&nbsp;Tamb\u00e9m durante a Opera\u00e7\u00e3o Trabalhador, um homem de 37 anos foi preso em flagrante pois estava dirigindo seu ve\u00edculo com fortes sinais de embriaguez, constatado pelo teste do etil\u00f4metro, e praticando dire\u00e7\u00e3o perigosa.<\/p>\n\n\n\n<p>Ele foi detido na cidade de Boa Ventura pelos policiais do 13\u00ba BPM e do Batalh\u00e3o de Pol\u00edcia de Tr\u00e2nsito (BPTran), e encaminhado para a Delegacia de Itaporanga.<\/p>\n\n\n\n<p>A Opera\u00e7\u00e3o Trabalhador acontece durante todo o feriado refor\u00e7ando a seguran\u00e7a na Para\u00edba com barreiras policiais, ocupa\u00e7\u00e3o de locais estrat\u00e9gicos, incurs\u00f5es e outras atividades, al\u00e9m das fiscaliza\u00e7\u00f5es relacionadas \u00e0 preven\u00e7\u00e3o do cont\u00e1gio da Covid-19.<\/p>\n","protected":false},"excerpt":{"rendered":"<p>A Opera\u00e7\u00e3o Trabalhador, realizada pela Pol\u00edcia Militar neste feriado de 1\u00ba de maio, resultou na captura de um homem acusado de tentativa de homic\u00eddio, apreens\u00e3o&hellip; <\/p>\n","protected":false},"author":2,"featured_media":167012,"comment_status":"closed","ping_status":"closed","sticky":false,"template":"","format":"standard","meta":{"sfsi_plus_gutenberg_text_before_share":"","sfsi_plus_gutenberg_show_text_before_share":"","sfsi_plus_gutenberg_icon_type":"","sfsi_plus_gutenberg_icon_alignemt":"","sfsi_plus_gutenburg_max_per_row":"","footnotes":""},"categories":[12],"tags":[],"class_list":["post-167011","post","type-post","status-publish","format-standard","has-post-thumbnail","hentry","category-policia"],"_links":{"self":[{"href":"https:\/\/www.caririemacao.com\/1\/wp-json\/wp\/v2\/posts\/167011","targetHints":{"allow":["GET"]}}],"collection":[{"href":"https:\/\/www.caririemacao.com\/1\/wp-json\/wp\/v2\/posts"}],"about":[{"href":"https:\/\/www.caririemacao.com\/1\/wp-json\/wp\/v2\/types\/post"}],"author":[{"embeddable":true,"href":"https:\/\/www.caririemacao.com\/1\/wp-json\/wp\/v2\/users\/2"}],"replies":[{"embeddable":true,"href":"https:\/\/www.caririemacao.com\/1\/wp-json\/wp\/v2\/comments?post=167011"}],"version-history":[{"count":1,"href":"https:\/\/www.caririemacao.com\/1\/wp-json\/wp\/v2\/posts\/167011\/revisions"}],"predecessor-version":[{"id":167013,"href":"https:\/\/www.caririemacao.com\/1\/wp-json\/wp\/v2\/posts\/167011\/revisions\/167013"}],"wp:featuredmedia":[{"embeddable":true,"href":"https:\/\/www.caririemacao.com\/1\/wp-json\/wp\/v2\/media\/167012"}],"wp:attachment":[{"href":"https:\/\/www.caririemacao.com\/1\/wp-json\/wp\/v2\/media?parent=167011"}],"wp:term":[{"taxonomy":"category","embeddable":true,"href":"https:\/\/www.caririemacao.com\/1\/wp-json\/wp\/v2\/categories?post=167011"},{"taxonomy":"post_tag","embeddable":true,"href":"https:\/\/www.caririemacao.com\/1\/wp-json\/wp\/v2\/tags?post=167011"}],"curies":[{"name":"wp","href":"https:\/\/api.w.org\/{rel}","templated":true}]}}