{"id":167015,"date":"2020-05-01T13:42:55","date_gmt":"2020-05-01T16:42:55","guid":{"rendered":"https:\/\/www.caririemacao.com\/1\/?p=167015"},"modified":"2020-05-01T13:42:57","modified_gmt":"2020-05-01T16:42:57","slug":"com-ressalvas-ministerio-da-saude-da-aval-para-volta-do-futebol-brasileiro","status":"publish","type":"post","link":"https:\/\/www.caririemacao.com\/1\/2020\/05\/01\/com-ressalvas-ministerio-da-saude-da-aval-para-volta-do-futebol-brasileiro\/","title":{"rendered":"Com ressalvas, Minist\u00e9rio da Sa\u00fade d\u00e1 aval para volta do futebol brasileiro"},"content":{"rendered":"\n<h1 class=\"wp-block-heading\"><\/h1>\n\n\n\n<p>No complemento do parecer, no entanto, a autoridade nacional de sa\u00fade ressalta: \u201ceste Minist\u00e9rio \u00e9 favor\u00e1vel ao retorno das atividades do futebol brasileiro, desde que atendidas todas as medidas apresentadas neste parecer\u201d, diz o texto noticiado pela Globo e obtido pelo UOL Esporte.<\/p>\n\n\n\n<p>Mesmo com o \u201cok\u201d inicial para uma retomada em campo, o documento mostra uma s\u00e9rie de ressalvas e questionamentos ao guia apresentado pela CBF solicitando o retorno das atividades. O tom geral da minuta esteve longe de uma aprova\u00e7\u00e3o.<\/p>\n\n\n\n<p>O \u00f3rg\u00e3o pede que a CBF \u201cgaranta a garanta a realiza\u00e7\u00e3o dos testes e avalia\u00e7\u00f5es constantes n\u00e3o apenas nos atletas, mas tamb\u00e9m que seja ofertado aos membros das comiss\u00f5es t\u00e9cnicas, funcion\u00e1rios e colaboradores, assim como os respectivos familiares e contactantes pr\u00f3ximos\u201d, diz o parecer, que ainda questiona. \u201cDiante da afirma\u00e7\u00e3o acima, na proposta apresentada, n\u00e3o fica evidenciado onde ser\u00e3o realizados os testes, periodicidade e crit\u00e9rios de retestagem, e como ser\u00e3o assistidos caso o diagn\u00f3stico dos atletas seja positivo\u201d.<\/p>\n\n\n\n<p>A sequ\u00eancia do parecer mostra uma realidade preocupante. Em que pese a orienta\u00e7\u00e3o para testes em todos os envolvidos, o relato da situa\u00e7\u00e3o do pa\u00eds se mostra longe da ideal para que tal ideia seja posta em pr\u00e1tica. \u201cCabe ressaltar que no momento, a disponibiliza\u00e7\u00e3o de testes r\u00e1pidos no sistema de sa\u00fade encontra-se saturado diante das necessidades da popula\u00e7\u00e3o brasileira\u201d, frisou o Minist\u00e9rio.<img decoding=\"async\" data-src=\"https:\/\/paraibaonline.com.br\/wp-content\/uploads\/2020\/03\/FLAMENGO-1-567x378.jpg\" alt=\"Foto: Alexandre Vidal \/ Flamengo\" data-srcset=\"https:\/\/paraibaonline.com.br\/wp-content\/uploads\/2020\/03\/FLAMENGO-1-567x378.jpg 567w, https:\/\/paraibaonline.com.br\/wp-content\/uploads\/2020\/03\/FLAMENGO-1.jpg 800w\" src=\"data:image\/svg+xml;base64,PHN2ZyB3aWR0aD0iMSIgaGVpZ2h0PSIxIiB4bWxucz0iaHR0cDovL3d3dy53My5vcmcvMjAwMC9zdmciPjwvc3ZnPg==\" class=\"lazyload\" style=\"--smush-placeholder-width: 567px; --smush-placeholder-aspect-ratio: 567\/378;\"><\/p>\n\n\n\n<p>Foto: Alexandre Vidal \/ Flamengo<\/p>\n\n\n\n<p>A minuta, no entanto, est\u00e1 longe de ser o documento \u00fanico que sustente o retorno imediato das atividades. \u201cRessalta-se ainda que o documento apresentado n\u00e3o se trata de uma guia m\u00e9dico, e sim de uma proposta de planejamento de retorno \u00e0s atividades da classe, contemplando algumas medidas de sa\u00fade e seguran\u00e7a sanit\u00e1ria. Portanto, o Minist\u00e9rio da Sa\u00fade ressalta a import\u00e2ncia de apresenta\u00e7\u00e3o de um Plano estrat\u00e9gico geral detalhado, pactuado entre os diversos setores descritos anteriormente para o retorno das atividades futebol\u00edsticas sem a presen\u00e7a de p\u00fablico externo e planos de a\u00e7\u00e3o locais contendo a descri\u00e7\u00e3o das medidas de sa\u00fade, seguran\u00e7a e higiene, periodicidade de execu\u00e7\u00e3o e respons\u00e1veis, que devem ser apresentados e validados pela autoridade de sa\u00fade local\u201d, diz o documento.<\/p>\n\n\n\n<p>O parecer gen\u00e9rico do \u00f3rg\u00e3o federal deixa claro que a decis\u00e3o final pelo retorno ser\u00e1 dos poderes locais e estaduais. \u201cAl\u00e9m disso, cabe ressaltar que a autoriza\u00e7\u00e3o acerca do in\u00edcio das atividades de treinamento nas localidades deve ser do Secret\u00e1rio Municipal, pois o Minist\u00e9rio da Sa\u00fade n\u00e3o ir\u00e1 contrapor uma decis\u00e3o do gestor local que \u00e9 quem est\u00e1 vivendo o problema. Somente com base na An\u00e1lise de Risco da Secretaria Municipal \u00e9 poss\u00edvel saber em quem momento cada fase pode ser adotada em cada munic\u00edpio. O Minist\u00e9rio da Sa\u00fade n\u00e3o determinou e nem determinar\u00e1 fechamento ou abertura de qualquer atividade. Essa \u00e9 uma decis\u00e3o que cabe ao gestor local\u201d.<\/p>\n","protected":false},"excerpt":{"rendered":"<p>No complemento do parecer, no entanto, a autoridade nacional de sa\u00fade ressalta: \u201ceste Minist\u00e9rio \u00e9 favor\u00e1vel ao retorno das atividades do futebol brasileiro, desde que&hellip; <\/p>\n","protected":false},"author":2,"featured_media":167016,"comment_status":"closed","ping_status":"closed","sticky":false,"template":"","format":"standard","meta":{"sfsi_plus_gutenberg_text_before_share":"","sfsi_plus_gutenberg_show_text_before_share":"","sfsi_plus_gutenberg_icon_type":"","sfsi_plus_gutenberg_icon_alignemt":"","sfsi_plus_gutenburg_max_per_row":"","footnotes":""},"categories":[13],"tags":[],"class_list":["post-167015","post","type-post","status-publish","format-standard","has-post-thumbnail","hentry","category-esportes"],"_links":{"self":[{"href":"https:\/\/www.caririemacao.com\/1\/wp-json\/wp\/v2\/posts\/167015","targetHints":{"allow":["GET"]}}],"collection":[{"href":"https:\/\/www.caririemacao.com\/1\/wp-json\/wp\/v2\/posts"}],"about":[{"href":"https:\/\/www.caririemacao.com\/1\/wp-json\/wp\/v2\/types\/post"}],"author":[{"embeddable":true,"href":"https:\/\/www.caririemacao.com\/1\/wp-json\/wp\/v2\/users\/2"}],"replies":[{"embeddable":true,"href":"https:\/\/www.caririemacao.com\/1\/wp-json\/wp\/v2\/comments?post=167015"}],"version-history":[{"count":1,"href":"https:\/\/www.caririemacao.com\/1\/wp-json\/wp\/v2\/posts\/167015\/revisions"}],"predecessor-version":[{"id":167017,"href":"https:\/\/www.caririemacao.com\/1\/wp-json\/wp\/v2\/posts\/167015\/revisions\/167017"}],"wp:featuredmedia":[{"embeddable":true,"href":"https:\/\/www.caririemacao.com\/1\/wp-json\/wp\/v2\/media\/167016"}],"wp:attachment":[{"href":"https:\/\/www.caririemacao.com\/1\/wp-json\/wp\/v2\/media?parent=167015"}],"wp:term":[{"taxonomy":"category","embeddable":true,"href":"https:\/\/www.caririemacao.com\/1\/wp-json\/wp\/v2\/categories?post=167015"},{"taxonomy":"post_tag","embeddable":true,"href":"https:\/\/www.caririemacao.com\/1\/wp-json\/wp\/v2\/tags?post=167015"}],"curies":[{"name":"wp","href":"https:\/\/api.w.org\/{rel}","templated":true}]}}