{"id":167019,"date":"2020-05-01T13:44:51","date_gmt":"2020-05-01T16:44:51","guid":{"rendered":"https:\/\/www.caririemacao.com\/1\/?p=167019"},"modified":"2020-05-01T13:44:52","modified_gmt":"2020-05-01T16:44:52","slug":"ministro-do-stf-da-5-dias-para-pf-tomar-depoimento-de-moro","status":"publish","type":"post","link":"https:\/\/www.caririemacao.com\/1\/2020\/05\/01\/ministro-do-stf-da-5-dias-para-pf-tomar-depoimento-de-moro\/","title":{"rendered":"Ministro do STF d\u00e1 5 dias para PF tomar depoimento de Moro"},"content":{"rendered":"\n<h1 class=\"wp-block-heading\"><\/h1>\n\n\n\n<p><\/p>\n\n\n\n<p>O ministro do Supremo Tribunal Federal (STF) Celso de Mello determinou hoje (29) que o ex-ministro da Justi\u00e7a e Seguran\u00e7a P\u00fablica Sergio Moro seja intimado para prestar depoimento \u00e0 Pol\u00edcia Federal (PF) no prazo de cinco dias. Pela decis\u00e3o, Moro dever\u00e1 apresentar provas das acusa\u00e7\u00f5es feitas na semana passada contra o presidente Jair Bolsonaro.<\/p>\n\n\n\n<p>A oitiva ser\u00e1 a primeira medida tomada no inqu\u00e9rito aberto a pedido do procurador-geral da Rep\u00fablica, Augusto Aras, para apurar suposta tentativa de interfer\u00eancia na PF ou crime de denuncia\u00e7\u00e3o caluniosa. O pedido para agilizar a data do depoimento foi feito por parlamentares da oposi\u00e7\u00e3o.<\/p>\n\n\n\n<p>Na sexta-feira (24), durante pronunciamento, Bolsonaro negou que tenha pedido para o ent\u00e3o ministro interferir em investiga\u00e7\u00f5es da PF.<\/p>\n","protected":false},"excerpt":{"rendered":"<p>O ministro do Supremo Tribunal Federal (STF) Celso de Mello determinou hoje (29) que o ex-ministro da Justi\u00e7a e Seguran\u00e7a P\u00fablica Sergio Moro seja intimado&hellip; <\/p>\n","protected":false},"author":2,"featured_media":167020,"comment_status":"closed","ping_status":"closed","sticky":false,"template":"","format":"standard","meta":{"sfsi_plus_gutenberg_text_before_share":"","sfsi_plus_gutenberg_show_text_before_share":"","sfsi_plus_gutenberg_icon_type":"","sfsi_plus_gutenberg_icon_alignemt":"","sfsi_plus_gutenburg_max_per_row":"","footnotes":""},"categories":[2],"tags":[],"class_list":["post-167019","post","type-post","status-publish","format-standard","has-post-thumbnail","hentry","category-geral"],"_links":{"self":[{"href":"https:\/\/www.caririemacao.com\/1\/wp-json\/wp\/v2\/posts\/167019","targetHints":{"allow":["GET"]}}],"collection":[{"href":"https:\/\/www.caririemacao.com\/1\/wp-json\/wp\/v2\/posts"}],"about":[{"href":"https:\/\/www.caririemacao.com\/1\/wp-json\/wp\/v2\/types\/post"}],"author":[{"embeddable":true,"href":"https:\/\/www.caririemacao.com\/1\/wp-json\/wp\/v2\/users\/2"}],"replies":[{"embeddable":true,"href":"https:\/\/www.caririemacao.com\/1\/wp-json\/wp\/v2\/comments?post=167019"}],"version-history":[{"count":1,"href":"https:\/\/www.caririemacao.com\/1\/wp-json\/wp\/v2\/posts\/167019\/revisions"}],"predecessor-version":[{"id":167021,"href":"https:\/\/www.caririemacao.com\/1\/wp-json\/wp\/v2\/posts\/167019\/revisions\/167021"}],"wp:featuredmedia":[{"embeddable":true,"href":"https:\/\/www.caririemacao.com\/1\/wp-json\/wp\/v2\/media\/167020"}],"wp:attachment":[{"href":"https:\/\/www.caririemacao.com\/1\/wp-json\/wp\/v2\/media?parent=167019"}],"wp:term":[{"taxonomy":"category","embeddable":true,"href":"https:\/\/www.caririemacao.com\/1\/wp-json\/wp\/v2\/categories?post=167019"},{"taxonomy":"post_tag","embeddable":true,"href":"https:\/\/www.caririemacao.com\/1\/wp-json\/wp\/v2\/tags?post=167019"}],"curies":[{"name":"wp","href":"https:\/\/api.w.org\/{rel}","templated":true}]}}