{"id":167027,"date":"2020-05-01T13:52:35","date_gmt":"2020-05-01T16:52:35","guid":{"rendered":"https:\/\/www.caririemacao.com\/1\/?p=167027"},"modified":"2020-05-01T13:52:37","modified_gmt":"2020-05-01T16:52:37","slug":"paraiba-e-a-sexta-colocada-no-pais-no-ranking-de-transparencia-sobre-covid-19","status":"publish","type":"post","link":"https:\/\/www.caririemacao.com\/1\/2020\/05\/01\/paraiba-e-a-sexta-colocada-no-pais-no-ranking-de-transparencia-sobre-covid-19\/","title":{"rendered":"Para\u00edba \u00e9 a sexta colocada no pa\u00eds no ranking de transpar\u00eancia sobre Covid-19"},"content":{"rendered":"\n<h1 class=\"wp-block-heading\"><\/h1>\n\n\n\n<p>O Estado da Para\u00edba subiu 10 posi\u00e7\u00f5es no ranking de transpar\u00eancia sobre a Covid-19. A boa not\u00edcia veio nessa quinta-feira (30), por meio da publica\u00e7\u00e3o do novo ranking no site Open Knowledge Brasil (OKBR), que avalia a qualidade dos dados e informa\u00e7\u00f5es relativas \u00e0 pandemia do coronav\u00edrus, divulgados pelo Minist\u00e9rio da Sa\u00fade e estados brasileiros, em seus portais oficiais (https:\/\/transparenciacovid19.ok.org.br\/). Com isso, a Para\u00edba saiu da 16\u00aa e est\u00e1 na 6\u00aa posi\u00e7\u00e3o, em rela\u00e7\u00e3o aos outros estados do pa\u00eds.<\/p>\n\n\n\n<p>Comparado aos estados do Nordeste, a Para\u00edba aparece em terceiro lugar. Quanto \u00e0 pontua\u00e7\u00e3o, disponibilizada no site, a Para\u00edba est\u00e1 com 81 pontos, junto com o Distrito Federal. De 80 a 100 pontos, o n\u00edvel de transpar\u00eancia \u00e9 considerado alto.<\/p>\n\n\n\n<p>Na primeira posi\u00e7\u00e3o no ranking, est\u00e3o Rond\u00f4nia e Pernambuco, com 98 pontos; o Cear\u00e1 aparece em segundo, com 95; em terceiro, Esp\u00edrito Santo, com 93; Minas Gerais, em quarto, com 88 e em quinto, Goi\u00e1s e Amap\u00e1&nbsp; com 86 pontos.<\/p>\n\n\n\n<p>O trabalho de disponibilizar os dados referentes ao coronav\u00edrus com a maior transpar\u00eancia poss\u00edvel vem sendo desenvolvido por meio de uma parceria entre as Secretarias de Estado da Sa\u00fade (SES) e Comunica\u00e7\u00e3o (Secom), a Controladoria Geral do Estado (CGE) e a Companhia de Processamento de Dados da Para\u00edba (Codata).<\/p>\n\n\n\n<p>O bom resultado da parceria, que colocou a Para\u00edba em sexto lugar, em transpar\u00eancia nos dados da pandemia, foi reconhecido pelo governador Jo\u00e3o Azev\u00eado. \u201cParab\u00e9ns a toda equipe. O esfor\u00e7o conjunto \u00e9 a melhor arma para combater essa pandemia\u201d, disse.<\/p>\n\n\n\n<p>O secret\u00e1rio executivo de Sa\u00fade, Daniel Beltrammi, ficou bastante satisfeito com a eleva\u00e7\u00e3o da Para\u00edba para o sexto lugar no ranking da transpar\u00eancia. \u201cA transpar\u00eancia das informa\u00e7\u00f5es contribui para agilizar o trabalho \u00e1rduo que j\u00e1 estamos desenvolvendo desde o in\u00edcio da pandemia. Agrade\u00e7o imensamente toda a equipe por estar nos guiando em dire\u00e7\u00e3o ao \u00eaxito\u201d, ressaltou.<\/p>\n\n\n\n<p>O trabalho vem sendo coordenado pelo secret\u00e1rio executivo da CGE, Let\u00e1cio Guedes, que destacou a uni\u00e3o de esfor\u00e7os para o \u00eaxito das a\u00e7\u00f5es. \u201cParabenizo a todos! Sabemos o quanto \u00e9 dif\u00edcil exercitar a transpar\u00eancia p\u00fablica para atender a crit\u00e9rios e usu\u00e1rios distintos, mas estamos conseguindo e a tend\u00eancia \u00e9 que a Para\u00edba suba ainda mais neste ranking\u201d, concluiu.<\/p>\n\n\n\n<figure class=\"wp-block-image\"><img decoding=\"async\" data-src=\"https:\/\/www.clickpb.com.br\/media\/filer_public\/41\/bc\/41bc9f9c-a4ba-4ac4-9ea2-2842cc6c90c1\/ranking_de_transparencia_na_covid-19.jpeg\" alt=\"\" src=\"data:image\/svg+xml;base64,PHN2ZyB3aWR0aD0iMSIgaGVpZ2h0PSIxIiB4bWxucz0iaHR0cDovL3d3dy53My5vcmcvMjAwMC9zdmciPjwvc3ZnPg==\" class=\"lazyload\" \/><\/figure>\n","protected":false},"excerpt":{"rendered":"<p>O Estado da Para\u00edba subiu 10 posi\u00e7\u00f5es no ranking de transpar\u00eancia sobre a Covid-19. A boa not\u00edcia veio nessa quinta-feira (30), por meio da publica\u00e7\u00e3o&hellip; <\/p>\n","protected":false},"author":2,"featured_media":167028,"comment_status":"closed","ping_status":"closed","sticky":false,"template":"","format":"standard","meta":{"sfsi_plus_gutenberg_text_before_share":"","sfsi_plus_gutenberg_show_text_before_share":"","sfsi_plus_gutenberg_icon_type":"","sfsi_plus_gutenberg_icon_alignemt":"","sfsi_plus_gutenburg_max_per_row":"","footnotes":""},"categories":[2],"tags":[],"class_list":["post-167027","post","type-post","status-publish","format-standard","has-post-thumbnail","hentry","category-geral"],"_links":{"self":[{"href":"https:\/\/www.caririemacao.com\/1\/wp-json\/wp\/v2\/posts\/167027","targetHints":{"allow":["GET"]}}],"collection":[{"href":"https:\/\/www.caririemacao.com\/1\/wp-json\/wp\/v2\/posts"}],"about":[{"href":"https:\/\/www.caririemacao.com\/1\/wp-json\/wp\/v2\/types\/post"}],"author":[{"embeddable":true,"href":"https:\/\/www.caririemacao.com\/1\/wp-json\/wp\/v2\/users\/2"}],"replies":[{"embeddable":true,"href":"https:\/\/www.caririemacao.com\/1\/wp-json\/wp\/v2\/comments?post=167027"}],"version-history":[{"count":1,"href":"https:\/\/www.caririemacao.com\/1\/wp-json\/wp\/v2\/posts\/167027\/revisions"}],"predecessor-version":[{"id":167029,"href":"https:\/\/www.caririemacao.com\/1\/wp-json\/wp\/v2\/posts\/167027\/revisions\/167029"}],"wp:featuredmedia":[{"embeddable":true,"href":"https:\/\/www.caririemacao.com\/1\/wp-json\/wp\/v2\/media\/167028"}],"wp:attachment":[{"href":"https:\/\/www.caririemacao.com\/1\/wp-json\/wp\/v2\/media?parent=167027"}],"wp:term":[{"taxonomy":"category","embeddable":true,"href":"https:\/\/www.caririemacao.com\/1\/wp-json\/wp\/v2\/categories?post=167027"},{"taxonomy":"post_tag","embeddable":true,"href":"https:\/\/www.caririemacao.com\/1\/wp-json\/wp\/v2\/tags?post=167027"}],"curies":[{"name":"wp","href":"https:\/\/api.w.org\/{rel}","templated":true}]}}