{"id":167031,"date":"2020-05-01T14:43:43","date_gmt":"2020-05-01T17:43:43","guid":{"rendered":"https:\/\/www.caririemacao.com\/1\/?p=167031"},"modified":"2020-05-01T14:44:24","modified_gmt":"2020-05-01T17:44:24","slug":"pm-realiza-operacao-trabalhador-na-area-do-11-batalhao","status":"publish","type":"post","link":"https:\/\/www.caririemacao.com\/1\/2020\/05\/01\/pm-realiza-operacao-trabalhador-na-area-do-11-batalhao\/","title":{"rendered":"PM realiza &#8216;Opera\u00e7\u00e3o Trabalhador&#8217; na \u00e1rea&#8217; do 11\u00b0 batalh\u00e3o"},"content":{"rendered":"\n<p>A Pol\u00edcia Militar iniciou, na noite desta quinta-feira (30), a Opera\u00e7\u00e3o Trabalhador, que tem o objetivo de refor\u00e7ar a seguran\u00e7a at\u00e9 a madrugada da pr\u00f3xima segunda-feira (4).<\/p>\n\n\n\n<p>Para o per\u00edodo, o 11\u00ba Batalh\u00e3o est\u00e1 mobilizando os policias na \u00e1rea do cariri paraibano, para atuar no combate aos crimes contra a vida, contra o patrim\u00f4nio, tr\u00e1fico de drogas e atividades de preven\u00e7\u00e3o do novo coronav\u00edrus.<\/p>\n","protected":false},"excerpt":{"rendered":"<p>A Pol\u00edcia Militar iniciou, na noite desta quinta-feira (30), a Opera\u00e7\u00e3o Trabalhador, que tem o objetivo de refor\u00e7ar a seguran\u00e7a at\u00e9 a madrugada da pr\u00f3xima&hellip; <\/p>\n","protected":false},"author":1,"featured_media":167032,"comment_status":"closed","ping_status":"closed","sticky":false,"template":"","format":"standard","meta":{"sfsi_plus_gutenberg_text_before_share":"","sfsi_plus_gutenberg_show_text_before_share":"","sfsi_plus_gutenberg_icon_type":"","sfsi_plus_gutenberg_icon_alignemt":"","sfsi_plus_gutenburg_max_per_row":"","footnotes":""},"categories":[12],"tags":[],"class_list":["post-167031","post","type-post","status-publish","format-standard","has-post-thumbnail","hentry","category-policia"],"_links":{"self":[{"href":"https:\/\/www.caririemacao.com\/1\/wp-json\/wp\/v2\/posts\/167031","targetHints":{"allow":["GET"]}}],"collection":[{"href":"https:\/\/www.caririemacao.com\/1\/wp-json\/wp\/v2\/posts"}],"about":[{"href":"https:\/\/www.caririemacao.com\/1\/wp-json\/wp\/v2\/types\/post"}],"author":[{"embeddable":true,"href":"https:\/\/www.caririemacao.com\/1\/wp-json\/wp\/v2\/users\/1"}],"replies":[{"embeddable":true,"href":"https:\/\/www.caririemacao.com\/1\/wp-json\/wp\/v2\/comments?post=167031"}],"version-history":[{"count":2,"href":"https:\/\/www.caririemacao.com\/1\/wp-json\/wp\/v2\/posts\/167031\/revisions"}],"predecessor-version":[{"id":167034,"href":"https:\/\/www.caririemacao.com\/1\/wp-json\/wp\/v2\/posts\/167031\/revisions\/167034"}],"wp:featuredmedia":[{"embeddable":true,"href":"https:\/\/www.caririemacao.com\/1\/wp-json\/wp\/v2\/media\/167032"}],"wp:attachment":[{"href":"https:\/\/www.caririemacao.com\/1\/wp-json\/wp\/v2\/media?parent=167031"}],"wp:term":[{"taxonomy":"category","embeddable":true,"href":"https:\/\/www.caririemacao.com\/1\/wp-json\/wp\/v2\/categories?post=167031"},{"taxonomy":"post_tag","embeddable":true,"href":"https:\/\/www.caririemacao.com\/1\/wp-json\/wp\/v2\/tags?post=167031"}],"curies":[{"name":"wp","href":"https:\/\/api.w.org\/{rel}","templated":true}]}}