{"id":167036,"date":"2020-05-01T19:02:16","date_gmt":"2020-05-01T22:02:16","guid":{"rendered":"https:\/\/www.caririemacao.com\/1\/?p=167036"},"modified":"2020-05-01T19:02:16","modified_gmt":"2020-05-01T22:02:16","slug":"pf-prende-estelionatarios-que-tentavam-sacar-auxilio-emergencial","status":"publish","type":"post","link":"https:\/\/www.caririemacao.com\/1\/2020\/05\/01\/pf-prende-estelionatarios-que-tentavam-sacar-auxilio-emergencial\/","title":{"rendered":"PF prende estelionat\u00e1rios que tentavam sacar aux\u00edlio emergencial"},"content":{"rendered":"\n<p>A Pol\u00edcia Federal anunciou a pris\u00e3o em flagrante de uma dupla de estelionat\u00e1rios que tentavam realizar saques indevidos com cart\u00f5es do Bolsa Fam\u00edlia. Segundo a PF, a dupla teria teria retirado com sucesso cerca de R$ 96 mil de contas que receberam parcelas do aux\u00edlio emergencial. <\/p>\n\n\n\n<p>O cr\u00e9dito \u00e9 fornecido pelo governo para a popula\u00e7\u00e3o de baixa renda como forma de minimizar danos econ\u00f4micos causados pela pandemia do novo coronav\u00edrus.<\/p>\n\n\n\n<p><br>Os homens portavam 108 cart\u00f5es do programa Bolsa Fam\u00edlia de diversas titularidades. Para os benefici\u00e1rios do programa, as parcelas do aux\u00edlio emergencial s\u00e3o autom\u00e1ticas, sem necessidade de cadastros adicionais.<br>O crime aconteceu na cidade de S\u00e3o Lu\u00eds (MA), na madrugada desta quinta-feira (30), na ag\u00eancia da Caixa Econ\u00f4mica Federal localizada na pra\u00e7a Jo\u00e3o Lisboa, no centro.<\/p>\n\n\n\n<p><br>Fonte: Ag\u00eancia Brasil<\/p>\n","protected":false},"excerpt":{"rendered":"<p>A Pol\u00edcia Federal anunciou a pris\u00e3o em flagrante de uma dupla de estelionat\u00e1rios que tentavam realizar saques indevidos com cart\u00f5es do Bolsa Fam\u00edlia. Segundo a&hellip; <\/p>\n","protected":false},"author":1,"featured_media":167037,"comment_status":"closed","ping_status":"closed","sticky":false,"template":"","format":"standard","meta":{"sfsi_plus_gutenberg_text_before_share":"","sfsi_plus_gutenberg_show_text_before_share":"","sfsi_plus_gutenberg_icon_type":"","sfsi_plus_gutenberg_icon_alignemt":"","sfsi_plus_gutenburg_max_per_row":"","footnotes":""},"categories":[12],"tags":[],"class_list":["post-167036","post","type-post","status-publish","format-standard","has-post-thumbnail","hentry","category-policia"],"_links":{"self":[{"href":"https:\/\/www.caririemacao.com\/1\/wp-json\/wp\/v2\/posts\/167036","targetHints":{"allow":["GET"]}}],"collection":[{"href":"https:\/\/www.caririemacao.com\/1\/wp-json\/wp\/v2\/posts"}],"about":[{"href":"https:\/\/www.caririemacao.com\/1\/wp-json\/wp\/v2\/types\/post"}],"author":[{"embeddable":true,"href":"https:\/\/www.caririemacao.com\/1\/wp-json\/wp\/v2\/users\/1"}],"replies":[{"embeddable":true,"href":"https:\/\/www.caririemacao.com\/1\/wp-json\/wp\/v2\/comments?post=167036"}],"version-history":[{"count":1,"href":"https:\/\/www.caririemacao.com\/1\/wp-json\/wp\/v2\/posts\/167036\/revisions"}],"predecessor-version":[{"id":167038,"href":"https:\/\/www.caririemacao.com\/1\/wp-json\/wp\/v2\/posts\/167036\/revisions\/167038"}],"wp:featuredmedia":[{"embeddable":true,"href":"https:\/\/www.caririemacao.com\/1\/wp-json\/wp\/v2\/media\/167037"}],"wp:attachment":[{"href":"https:\/\/www.caririemacao.com\/1\/wp-json\/wp\/v2\/media?parent=167036"}],"wp:term":[{"taxonomy":"category","embeddable":true,"href":"https:\/\/www.caririemacao.com\/1\/wp-json\/wp\/v2\/categories?post=167036"},{"taxonomy":"post_tag","embeddable":true,"href":"https:\/\/www.caririemacao.com\/1\/wp-json\/wp\/v2\/tags?post=167036"}],"curies":[{"name":"wp","href":"https:\/\/api.w.org\/{rel}","templated":true}]}}