{"id":167045,"date":"2020-05-01T19:14:34","date_gmt":"2020-05-01T22:14:34","guid":{"rendered":"https:\/\/www.caririemacao.com\/1\/?p=167045"},"modified":"2020-05-01T19:19:23","modified_gmt":"2020-05-01T22:19:23","slug":"amparo-prefeito-inacio-nobrega-publica-mensagem-em-comemoracao-ao-dia-do-trabalhodor","status":"publish","type":"post","link":"https:\/\/www.caririemacao.com\/1\/2020\/05\/01\/amparo-prefeito-inacio-nobrega-publica-mensagem-em-comemoracao-ao-dia-do-trabalhodor\/","title":{"rendered":"Amparo: Prefeito In\u00e1cio N\u00f3brega p\u00fablica mensagem em comemora\u00e7\u00e3o ao dia do trabalhador"},"content":{"rendered":"\n<p>O Prefeito In\u00e1cio N\u00f3brega dedicou uma mensagem aos servidores e trabalhadores Amparenses nesse dia 1\u00ba de Maio, onde se comemora Dia do Trabalho, confira:<\/p>\n\n\n\n<p><br>&#8220;A todos que constroem, diariamente, com muito suor, trabalho, garra, f\u00e9 e determina\u00e7\u00e3o, desejo um mundo cada vez melhor! Com mais oportunidades, mais reconhecimento. Desejo que todo o esfor\u00e7o di\u00e1rio que depositamos em nossos servi\u00e7os nos traga frutos ainda melhores e mais bonitos no futuro. Desejo tamb\u00e9m, que continuemos com toda essa for\u00e7a bonita que temos de lutar a cada dia, com a vontade \u00fanica de ser melhor em cada um deles e sem esquecer jamais que o que nos move \u00e9 o amor pelo que fazemos. Parab\u00e9ns a todos n\u00f3s, guerreiros, guerreiras, mas acima de tudo vencedores no trabalho! Que fa\u00e7a chuva ou fa\u00e7a sol, estamos l\u00e1, levantando diariamente e indo em busca de um futuro melhor. Feliz Dia do Trabalho!&#8221;, In\u00e1cio N\u00f3brega, Prefeito<\/p>\n\n\n\n<p><br>Amparo Ligado<\/p>\n","protected":false},"excerpt":{"rendered":"<p>O Prefeito In\u00e1cio N\u00f3brega dedicou uma mensagem aos servidores e trabalhadores Amparenses nesse dia 1\u00ba de Maio, onde se comemora Dia do Trabalho, confira: &#8220;A&hellip; <\/p>\n","protected":false},"author":1,"featured_media":167046,"comment_status":"closed","ping_status":"closed","sticky":false,"template":"","format":"standard","meta":{"sfsi_plus_gutenberg_text_before_share":"","sfsi_plus_gutenberg_show_text_before_share":"","sfsi_plus_gutenberg_icon_type":"","sfsi_plus_gutenberg_icon_alignemt":"","sfsi_plus_gutenburg_max_per_row":"","footnotes":""},"categories":[6,50],"tags":[],"class_list":["post-167045","post","type-post","status-publish","format-standard","has-post-thumbnail","hentry","category-cidades","category-destaque"],"_links":{"self":[{"href":"https:\/\/www.caririemacao.com\/1\/wp-json\/wp\/v2\/posts\/167045","targetHints":{"allow":["GET"]}}],"collection":[{"href":"https:\/\/www.caririemacao.com\/1\/wp-json\/wp\/v2\/posts"}],"about":[{"href":"https:\/\/www.caririemacao.com\/1\/wp-json\/wp\/v2\/types\/post"}],"author":[{"embeddable":true,"href":"https:\/\/www.caririemacao.com\/1\/wp-json\/wp\/v2\/users\/1"}],"replies":[{"embeddable":true,"href":"https:\/\/www.caririemacao.com\/1\/wp-json\/wp\/v2\/comments?post=167045"}],"version-history":[{"count":2,"href":"https:\/\/www.caririemacao.com\/1\/wp-json\/wp\/v2\/posts\/167045\/revisions"}],"predecessor-version":[{"id":167048,"href":"https:\/\/www.caririemacao.com\/1\/wp-json\/wp\/v2\/posts\/167045\/revisions\/167048"}],"wp:featuredmedia":[{"embeddable":true,"href":"https:\/\/www.caririemacao.com\/1\/wp-json\/wp\/v2\/media\/167046"}],"wp:attachment":[{"href":"https:\/\/www.caririemacao.com\/1\/wp-json\/wp\/v2\/media?parent=167045"}],"wp:term":[{"taxonomy":"category","embeddable":true,"href":"https:\/\/www.caririemacao.com\/1\/wp-json\/wp\/v2\/categories?post=167045"},{"taxonomy":"post_tag","embeddable":true,"href":"https:\/\/www.caririemacao.com\/1\/wp-json\/wp\/v2\/tags?post=167045"}],"curies":[{"name":"wp","href":"https:\/\/api.w.org\/{rel}","templated":true}]}}