{"id":167062,"date":"2020-05-02T06:12:12","date_gmt":"2020-05-02T09:12:12","guid":{"rendered":"https:\/\/www.caririemacao.com\/1\/?p=167062"},"modified":"2020-05-02T06:12:15","modified_gmt":"2020-05-02T09:12:15","slug":"paraiba-ja-sao-mais-de-mil-casos-confirmados-da-covid-19-e-74-mortes","status":"publish","type":"post","link":"https:\/\/www.caririemacao.com\/1\/2020\/05\/02\/paraiba-ja-sao-mais-de-mil-casos-confirmados-da-covid-19-e-74-mortes\/","title":{"rendered":"Para\u00edba: J\u00e1 s\u00e3o mais de mil casos confirmados da Covid-19 e 74 mortes"},"content":{"rendered":"\n<p>O m\u00eas de maio se inicia com 1034 casos confirmados da Covid-19 na Para\u00edba. A informa\u00e7\u00e3o \u00e9 do boletim epidemiol\u00f3gico da Secretaria de Estado da Sa\u00fade divulgado nesta sexta-feira, 1\u00ba. sso significa que foram registrados 108 casos, a mais, nas \u00faltimas 24 horas.<\/p>\n\n\n\n<p>Ainda conforme o boletim, 74 pessoas faleceram em decorr\u00eancia da doen\u00e7a e 177 j\u00e1 se recuperaram. Outros 1.831 casos investigados j\u00e1 foram descartados para Covid-19. Dos 370 leitos de UTI previstos no plano de Conting\u00eancia para Coronav\u00edrus, 171 j\u00e1 est\u00e3o ativos, 42% deles ocupados.<\/p>\n\n\n\n<p>Os casos confirmados est\u00e3o em 61 munic\u00edpios paraibanos:<\/p>\n\n\n\n<p>Alagoa Grande (2); Alagoa Nova (1); Alhandra (4); Ara\u00e7agi (1); Areia (1); Barra de S\u00e3o Miguel (1); Bayeux (39); Bom Jesus (1); Boqueir\u00e3o (1); Brejo do Cruz (1); Caapor\u00e3 (3); Cabedelo (29); Cai\u00e7ara (1); Cajazeiras (13); Campina Grande (53); Casserengue (1); Catingueira (1); Conde (16); Congo (1); Coremas (1); Coxixola (2); Cruz do Esp\u00edrito Santo (3); Esperan\u00e7a (2); Guarabira (10); Gurinhem (1); Igaracy (1); Imaculada (1); Itabaiana (2); Itapororoca (4); Jo\u00e3o Pessoa (614); Junco do Serid\u00f3 (3); Lagoa Seca (3); Lucena (4); Mamanguape (1); Mari (1); Mariz\u00f3polis (3); Monteiro (1); Patos (21); Pedras de Fogo (6); Pilar (1); Pil\u00f5ezinhos (1); Pitimbu (1); Pombal (2); Princesa Isabel (1); Queimadas (2); Riach\u00e3o do Po\u00e7o (1); Riacho dos Cavalos (1); Rio Tinto (4); Santa Helena (1); Santa Rita (96); S\u00e3o Bento (4); S\u00e3o Jo\u00e3o do Rio do Peixe (15); S\u00e3o Jos\u00e9 de Espinharas (1); S\u00e3o Jos\u00e9 de Piranhas (1); S\u00e3o Jos\u00e9 do Bonfim (1); Sap\u00e9 (28); Serra Branca (1); Serra Redonda (1); Sousa (12); Tapero\u00e1 (2); Umbuzeiro (3).<\/p>\n\n\n\n<p>Desde a \u00faltima divulga\u00e7\u00e3o, foram registradas sete mortes, sendo.<\/p>\n\n\n\n<p>\u2013 Um homem de 71 anos. Teve in\u00edcio dos sintomas em 21 de abril. Possu\u00eda comorbidades e insufici\u00eancia card\u00edaca. Ele morava em Santa Rita e estava internado em um hospital p\u00fablico. A morte ocorreu no dia 29 \u00faltimo.<\/p>\n\n\n\n<p>\u2013 Homem, 39 anos, com in\u00edcio dos sintomas no dia 22 de abril. N\u00e3o tinha comorbidade registrada e residia em Jo\u00e3o Pessoa. Estava internado em hospital p\u00fablico e morreu na \u00faltima quarta-feira.<\/p>\n\n\n\n<p>-Homem, 57. Era portador de diabetes e doen\u00e7a cardiovascular. Residia em Santa Rita e estava internado em hospital p\u00fablico. Os sintomas tiveram in\u00edcio no dia 15 de abril e o \u00f3bito ocorreu nesta quinta-feira, 30.<\/p>\n\n\n\n<p>\u2013 Homem, 95 anos. Tinha comorbidades, era hipertenso, cardiopata e com sequelas de AVC. Residia em Umbuzeiro e estava internado em hospital p\u00fablico. Os sintomas se iniciaram no dia 26 de abril e a morte foi registrada no dia seguinte.<\/p>\n\n\n\n<p>\u2013 Homem de 83 anos. O in\u00edcio dos sintomas ocorreu no dia 22 do m\u00eas anterior. Tinha comorbidade diabetes, residia em Jo\u00e3o Pessoa e estava internado em hospital p\u00fablico. O registro da morte foi nesta quinta-feira.<\/p>\n\n\n\n<p>-Homem, 39 anos. Come\u00e7ou a apresentar sintomas no dia 19 de abril. N\u00e3o tinha comorbidade registrada. Morava em Jo\u00e3o Pessoa e estava internado em hospital p\u00fablico. A morte ocorreu no dia 30 de abril.<\/p>\n\n\n\n<p>\u2013 Homem, 80. Os sintomas tiveram in\u00edcio no dia 19 passado. Sem comorbidade registrada. Ele residia em S\u00e3o Bento e estava internado em hospital p\u00fablico. O \u00f3bito ocorreu hoje.<\/p>\n\n\n\n<p>Os dados epidemiol\u00f3gicos e de ocupa\u00e7\u00e3o de leitos podem ser acompanhados em paraiba.pb.gov.br\/coronavirus<\/p>\n","protected":false},"excerpt":{"rendered":"<p>O m\u00eas de maio se inicia com 1034 casos confirmados da Covid-19 na Para\u00edba. A informa\u00e7\u00e3o \u00e9 do boletim epidemiol\u00f3gico da Secretaria de Estado da&hellip; <\/p>\n","protected":false},"author":2,"featured_media":167063,"comment_status":"closed","ping_status":"closed","sticky":false,"template":"","format":"standard","meta":{"sfsi_plus_gutenberg_text_before_share":"","sfsi_plus_gutenberg_show_text_before_share":"","sfsi_plus_gutenberg_icon_type":"","sfsi_plus_gutenberg_icon_alignemt":"","sfsi_plus_gutenburg_max_per_row":"","footnotes":""},"categories":[50,16],"tags":[],"class_list":["post-167062","post","type-post","status-publish","format-standard","has-post-thumbnail","hentry","category-destaque","category-saude"],"_links":{"self":[{"href":"https:\/\/www.caririemacao.com\/1\/wp-json\/wp\/v2\/posts\/167062","targetHints":{"allow":["GET"]}}],"collection":[{"href":"https:\/\/www.caririemacao.com\/1\/wp-json\/wp\/v2\/posts"}],"about":[{"href":"https:\/\/www.caririemacao.com\/1\/wp-json\/wp\/v2\/types\/post"}],"author":[{"embeddable":true,"href":"https:\/\/www.caririemacao.com\/1\/wp-json\/wp\/v2\/users\/2"}],"replies":[{"embeddable":true,"href":"https:\/\/www.caririemacao.com\/1\/wp-json\/wp\/v2\/comments?post=167062"}],"version-history":[{"count":1,"href":"https:\/\/www.caririemacao.com\/1\/wp-json\/wp\/v2\/posts\/167062\/revisions"}],"predecessor-version":[{"id":167064,"href":"https:\/\/www.caririemacao.com\/1\/wp-json\/wp\/v2\/posts\/167062\/revisions\/167064"}],"wp:featuredmedia":[{"embeddable":true,"href":"https:\/\/www.caririemacao.com\/1\/wp-json\/wp\/v2\/media\/167063"}],"wp:attachment":[{"href":"https:\/\/www.caririemacao.com\/1\/wp-json\/wp\/v2\/media?parent=167062"}],"wp:term":[{"taxonomy":"category","embeddable":true,"href":"https:\/\/www.caririemacao.com\/1\/wp-json\/wp\/v2\/categories?post=167062"},{"taxonomy":"post_tag","embeddable":true,"href":"https:\/\/www.caririemacao.com\/1\/wp-json\/wp\/v2\/tags?post=167062"}],"curies":[{"name":"wp","href":"https:\/\/api.w.org\/{rel}","templated":true}]}}