{"id":167066,"date":"2020-05-02T06:15:07","date_gmt":"2020-05-02T09:15:07","guid":{"rendered":"https:\/\/www.caririemacao.com\/1\/?p=167066"},"modified":"2020-05-02T06:15:09","modified_gmt":"2020-05-02T09:15:09","slug":"inss-com-prorrogacao-agendamentos-para-pericia-serao-atendidos-remotamente","status":"publish","type":"post","link":"https:\/\/www.caririemacao.com\/1\/2020\/05\/02\/inss-com-prorrogacao-agendamentos-para-pericia-serao-atendidos-remotamente\/","title":{"rendered":"INSS: Com prorroga\u00e7\u00e3o, agendamentos para per\u00edcia ser\u00e3o atendidos remotamente"},"content":{"rendered":"\n<p>O Instituto Nacional do Seguro Social (INSS) informa que a realiza\u00e7\u00e3o de per\u00edcias m\u00e9dicas de forma presencial continua suspensa at\u00e9 o dia 22 de maio, em raz\u00e3o do decreto de estado emergencial de sa\u00fade devido \u00e0 pandemia do coronav\u00edrus.<\/p>\n\n\n\n<p>Os segurados que conseguiram realizar agendamento para realizar per\u00edcias m\u00e9dicas nas ag\u00eancias devem desconsiderar a marca\u00e7\u00e3o, tendo em vista a publica\u00e7\u00e3o da Portaria Conjunta n\u00ba 13, no Di\u00e1rio Oficial da Uni\u00e3o, que prorroga o atendimento remoto nas ag\u00eancias do INSS at\u00e9 o dia 22 de maio.<\/p>\n\n\n\n<p>A an\u00e1lise dos requerimentos de benef\u00edcios continua a ser feita de forma normal, com base nos atestados enviados atrav\u00e9s do Meu INSS, site e aplicativo.<\/p>\n\n\n\n<p>Desde que foi iniciado o atendimento remoto das ag\u00eancias de todo o pais, os segurados est\u00e3o dispensados da per\u00edcia m\u00e9dica presencial para fins de recebimento da antecipa\u00e7\u00e3o do auxilio-doen\u00e7a no valor de um sal\u00e1rio m\u00ednimo.<\/p>\n\n\n\n<p>\u00c9 importante destacar que os segurados n\u00e3o precisam sair de casa, em especial os idosos, evitando, assim, a exposi\u00e7\u00e3o ao risco de cont\u00e1gio.<\/p>\n\n\n\n<p>Aqueles que fizeram requerimentos de aux\u00edlio-doen\u00e7a, com marca\u00e7\u00e3o de per\u00edcia, n\u00e3o devem se dirigir at\u00e9 a ag\u00eancia. Estes segurados devem enviar o atestado m\u00e9dico pelo Meu INSS, aplicativo ou internet, para que a Per\u00edcia M\u00e9dica Federal fa\u00e7a a an\u00e1lise de conformidade do documento.<\/p>\n","protected":false},"excerpt":{"rendered":"<p>O Instituto Nacional do Seguro Social (INSS) informa que a realiza\u00e7\u00e3o de per\u00edcias m\u00e9dicas de forma presencial continua suspensa at\u00e9 o dia 22 de maio,&hellip; <\/p>\n","protected":false},"author":2,"featured_media":162452,"comment_status":"closed","ping_status":"closed","sticky":false,"template":"","format":"standard","meta":{"sfsi_plus_gutenberg_text_before_share":"","sfsi_plus_gutenberg_show_text_before_share":"","sfsi_plus_gutenberg_icon_type":"","sfsi_plus_gutenberg_icon_alignemt":"","sfsi_plus_gutenburg_max_per_row":"","footnotes":""},"categories":[2],"tags":[],"class_list":["post-167066","post","type-post","status-publish","format-standard","has-post-thumbnail","hentry","category-geral"],"_links":{"self":[{"href":"https:\/\/www.caririemacao.com\/1\/wp-json\/wp\/v2\/posts\/167066","targetHints":{"allow":["GET"]}}],"collection":[{"href":"https:\/\/www.caririemacao.com\/1\/wp-json\/wp\/v2\/posts"}],"about":[{"href":"https:\/\/www.caririemacao.com\/1\/wp-json\/wp\/v2\/types\/post"}],"author":[{"embeddable":true,"href":"https:\/\/www.caririemacao.com\/1\/wp-json\/wp\/v2\/users\/2"}],"replies":[{"embeddable":true,"href":"https:\/\/www.caririemacao.com\/1\/wp-json\/wp\/v2\/comments?post=167066"}],"version-history":[{"count":1,"href":"https:\/\/www.caririemacao.com\/1\/wp-json\/wp\/v2\/posts\/167066\/revisions"}],"predecessor-version":[{"id":167067,"href":"https:\/\/www.caririemacao.com\/1\/wp-json\/wp\/v2\/posts\/167066\/revisions\/167067"}],"wp:featuredmedia":[{"embeddable":true,"href":"https:\/\/www.caririemacao.com\/1\/wp-json\/wp\/v2\/media\/162452"}],"wp:attachment":[{"href":"https:\/\/www.caririemacao.com\/1\/wp-json\/wp\/v2\/media?parent=167066"}],"wp:term":[{"taxonomy":"category","embeddable":true,"href":"https:\/\/www.caririemacao.com\/1\/wp-json\/wp\/v2\/categories?post=167066"},{"taxonomy":"post_tag","embeddable":true,"href":"https:\/\/www.caririemacao.com\/1\/wp-json\/wp\/v2\/tags?post=167066"}],"curies":[{"name":"wp","href":"https:\/\/api.w.org\/{rel}","templated":true}]}}