{"id":167074,"date":"2020-05-02T06:28:19","date_gmt":"2020-05-02T09:28:19","guid":{"rendered":"https:\/\/www.caririemacao.com\/1\/?p=167074"},"modified":"2020-05-02T06:28:21","modified_gmt":"2020-05-02T09:28:21","slug":"por-causa-da-pandemia-emissao-de-documentos-fiscais-caiu-quase-30-na-paraiba-em-abril","status":"publish","type":"post","link":"https:\/\/www.caririemacao.com\/1\/2020\/05\/02\/por-causa-da-pandemia-emissao-de-documentos-fiscais-caiu-quase-30-na-paraiba-em-abril\/","title":{"rendered":"Por causa da pandemia, emiss\u00e3o de documentos fiscais caiu quase 30% na Para\u00edba em abril"},"content":{"rendered":"\n<p>A emiss\u00e3o de documentos fiscais na Para\u00edba caiu 27,92% na Para\u00edba entre 21 e 31 de mar\u00e7o, de acordo com dados da Secret\u00e1ria de Estado da Fazenda (Sefaz). De 1\u00ba a 20 de mar\u00e7o, antes do decreto de isolamento, a emiss\u00e3o de documentos fiscais registrou alta de 9,45%. No m\u00eas de abril, at\u00e9 o dia 24, a queda foi de 28,99% em compara\u00e7\u00e3o ao mesmo per\u00edodo de 2019.<\/p>\n\n\n\n<p>As informa\u00e7\u00f5es constam na primeira edi\u00e7\u00e3o do \u2018Boletim da Sefaz-PB dos Impactos da Covid-19\u2019, um informativo de dados, gr\u00e1ficos e an\u00e1lise da arrecada\u00e7\u00e3o dos impostos estaduais e da emiss\u00e3o dos documentos fiscais eletr\u00f4nicos do Estado da Para\u00edba. O boletim ser\u00e1 semanal e ser\u00e1 mais uma ferramenta de acompanhamento e de avalia\u00e7\u00f5es da gest\u00e3o fiscal dos impactos da Covid-19 na economia.<\/p>\n\n\n\n<p>No m\u00eas de abril, a arrecada\u00e7\u00e3o dos tr\u00eas impostos estaduais (ICMS,&nbsp; IPVA&nbsp; e&nbsp; ITCD), no&nbsp; per\u00edodo de 1\u00ba&nbsp;a&nbsp;24&nbsp;de&nbsp;abril, apresentou uma redu\u00e7\u00e3o parcial de 11,96% em rela\u00e7\u00e3o ao ano anterior.<\/p>\n\n\n\n<p>O secret\u00e1rio de Estado de Fazenda, Marialvo Laureano, disse que a divulga\u00e7\u00e3o do Boletim vai permitir a avalia\u00e7\u00e3o do comportamento da arrecada\u00e7\u00e3o mais detalhada e sistem\u00e1tica, indicando os efeitos na gest\u00e3o fiscal e econ\u00f4mica do Estado, para que tanto agentes p\u00fablicos e privados possam tomar decis\u00f5es. \u201cOs boletins, consolidados pela Ger\u00eancia de Planejamento, ser\u00e3o tamb\u00e9m usados para tomada de decis\u00f5es mais assertivas na gest\u00e3o fiscal, al\u00e9m de servir para elaborar estrat\u00e9gias para sa\u00edda da crise\u201d, comentou.<\/p>\n","protected":false},"excerpt":{"rendered":"<p>A emiss\u00e3o de documentos fiscais na Para\u00edba caiu 27,92% na Para\u00edba entre 21 e 31 de mar\u00e7o, de acordo com dados da Secret\u00e1ria de Estado&hellip; <\/p>\n","protected":false},"author":2,"featured_media":152453,"comment_status":"closed","ping_status":"closed","sticky":false,"template":"","format":"standard","meta":{"sfsi_plus_gutenberg_text_before_share":"","sfsi_plus_gutenberg_show_text_before_share":"","sfsi_plus_gutenberg_icon_type":"","sfsi_plus_gutenberg_icon_alignemt":"","sfsi_plus_gutenburg_max_per_row":"","footnotes":""},"categories":[2],"tags":[],"class_list":["post-167074","post","type-post","status-publish","format-standard","has-post-thumbnail","hentry","category-geral"],"_links":{"self":[{"href":"https:\/\/www.caririemacao.com\/1\/wp-json\/wp\/v2\/posts\/167074","targetHints":{"allow":["GET"]}}],"collection":[{"href":"https:\/\/www.caririemacao.com\/1\/wp-json\/wp\/v2\/posts"}],"about":[{"href":"https:\/\/www.caririemacao.com\/1\/wp-json\/wp\/v2\/types\/post"}],"author":[{"embeddable":true,"href":"https:\/\/www.caririemacao.com\/1\/wp-json\/wp\/v2\/users\/2"}],"replies":[{"embeddable":true,"href":"https:\/\/www.caririemacao.com\/1\/wp-json\/wp\/v2\/comments?post=167074"}],"version-history":[{"count":1,"href":"https:\/\/www.caririemacao.com\/1\/wp-json\/wp\/v2\/posts\/167074\/revisions"}],"predecessor-version":[{"id":167075,"href":"https:\/\/www.caririemacao.com\/1\/wp-json\/wp\/v2\/posts\/167074\/revisions\/167075"}],"wp:featuredmedia":[{"embeddable":true,"href":"https:\/\/www.caririemacao.com\/1\/wp-json\/wp\/v2\/media\/152453"}],"wp:attachment":[{"href":"https:\/\/www.caririemacao.com\/1\/wp-json\/wp\/v2\/media?parent=167074"}],"wp:term":[{"taxonomy":"category","embeddable":true,"href":"https:\/\/www.caririemacao.com\/1\/wp-json\/wp\/v2\/categories?post=167074"},{"taxonomy":"post_tag","embeddable":true,"href":"https:\/\/www.caririemacao.com\/1\/wp-json\/wp\/v2\/tags?post=167074"}],"curies":[{"name":"wp","href":"https:\/\/api.w.org\/{rel}","templated":true}]}}