{"id":167078,"date":"2020-05-02T06:31:40","date_gmt":"2020-05-02T09:31:40","guid":{"rendered":"https:\/\/www.caririemacao.com\/1\/?p=167078"},"modified":"2020-05-02T06:31:41","modified_gmt":"2020-05-02T09:31:41","slug":"tce-pb-descumpre-decisao-do-tjpb-e-impede-divulgacao-do-governo-prefeituras-estao-liberadas","status":"publish","type":"post","link":"https:\/\/www.caririemacao.com\/1\/2020\/05\/02\/tce-pb-descumpre-decisao-do-tjpb-e-impede-divulgacao-do-governo-prefeituras-estao-liberadas\/","title":{"rendered":"TCE-PB descumpre decis\u00e3o do TJPB e impede divulga\u00e7\u00e3o do Governo; prefeituras est\u00e3o liberadas"},"content":{"rendered":"\n<p>O Tribunal de Contas do Estado (TCE) se contrap\u00f4s \u00e0 decis\u00e3o do Tribunal de Justi\u00e7a da Para\u00edba (TJPB) e tratou a suplementa\u00e7\u00e3o de cr\u00e9dito de R$ 7,5 milh\u00f5es para divulga\u00e7\u00e3o de medidas p\u00fablicas durante a pandemia do novo coronav\u00edrus pelo Governo do Estado com exig\u00eancias exageradas.<\/p>\n\n\n\n<p>A postura da Corte repercutiu no mercado da comunica\u00e7\u00e3o, que se articula para denunciar suposta persegui\u00e7\u00e3o contra o Governo da Para\u00edba.<\/p>\n\n\n\n<p>Diante do atual cen\u00e1rio, a decis\u00e3o do TCE\/PB estaria alinhada ao mesmo posicionamento de parlamentares bolsonaristas contra o isolamento social e autores da a\u00e7\u00e3o popular derrubada pelo Tribunal de Justi\u00e7a da Para\u00edba.<\/p>\n\n\n\n<p>Durante a manh\u00e3 desta sexta-feira (1\u00ba), representantes se diversas entidades se reuniram online para atestar que haveria prop\u00f3sitos injustificados t\u00edpicos de enfrentamento pol\u00edtico do Tribunal de Contas insistindo contra medidas judiciais tomadas pelo TJPB. \u201cIsto precisa ser denunciado nacionalmente, pois aparenta se basear em medidas contra o Governo para anunciar medidas de isolamento social\u201d, destacou um interlocutor do movimento.<\/p>\n\n\n\n<p>O presidente do TCE\/PB, conselheiro Arn\u00f3bio Viana, disse que bastaria o governo inserir a proposta em cr\u00e9dito extraordin\u00e1rio para resolver o impasse, o que gerou a contesta\u00e7\u00e3o de t\u00e9cnicos e especialistas no assunto.<\/p>\n\n\n\n<p>\u201cN\u00e3o h\u00e1 que se falar em abrir cr\u00e9dito extraordin\u00e1rio, pois isso s\u00f3 se aplica no caso de despesa (programa ou a\u00e7\u00e3o) emergencial e n\u00e3o prevista no or\u00e7amento\u201d, argumentam especialistas em Direito Cont\u00e1bil.<\/p>\n\n\n\n<p>Diante do caso, as entidades se articulam para formalizar a den\u00fancia de persegui\u00e7\u00e3o do TCE\/PB por estar contra a divulga\u00e7\u00e3o pelo Governo do Estado de medidas emergenciais atualizadas sobre coronav\u00edrus, mesmo com decis\u00f5es tomadas pela Justi\u00e7a da Para\u00edba.<\/p>\n\n\n\n<p>H\u00e1 informa\u00e7\u00f5es levantadas em fase de divulga\u00e7\u00e3o em breve de que teria deputados estaduais influenciando na Assembleia Legislativa para negociar com Poderes recursos que s\u00e3o do Executivo.<\/p>\n\n\n\n<p>Por outro lado, uma coisa que chama a aten\u00e7\u00e3o \u00e9 fato de o Tribunal de Contas n\u00e3o ter contestado a Prefeitura Municipal de Jo\u00e3o Pessoa que, de forma legal, age como o Governo do Estado para divulgar medidas \u00e0 popula\u00e7\u00e3o do coronav\u00edrus, nenhuma medida id\u00eantica adotou configurando persegui\u00e7\u00e3o pol\u00edtica.<\/p>\n","protected":false},"excerpt":{"rendered":"<p>O Tribunal de Contas do Estado (TCE) se contrap\u00f4s \u00e0 decis\u00e3o do Tribunal de Justi\u00e7a da Para\u00edba (TJPB) e tratou a suplementa\u00e7\u00e3o de cr\u00e9dito de&hellip; <\/p>\n","protected":false},"author":2,"featured_media":141716,"comment_status":"closed","ping_status":"closed","sticky":false,"template":"","format":"standard","meta":{"sfsi_plus_gutenberg_text_before_share":"","sfsi_plus_gutenberg_show_text_before_share":"","sfsi_plus_gutenberg_icon_type":"","sfsi_plus_gutenberg_icon_alignemt":"","sfsi_plus_gutenburg_max_per_row":"","footnotes":""},"categories":[2],"tags":[],"class_list":["post-167078","post","type-post","status-publish","format-standard","has-post-thumbnail","hentry","category-geral"],"_links":{"self":[{"href":"https:\/\/www.caririemacao.com\/1\/wp-json\/wp\/v2\/posts\/167078","targetHints":{"allow":["GET"]}}],"collection":[{"href":"https:\/\/www.caririemacao.com\/1\/wp-json\/wp\/v2\/posts"}],"about":[{"href":"https:\/\/www.caririemacao.com\/1\/wp-json\/wp\/v2\/types\/post"}],"author":[{"embeddable":true,"href":"https:\/\/www.caririemacao.com\/1\/wp-json\/wp\/v2\/users\/2"}],"replies":[{"embeddable":true,"href":"https:\/\/www.caririemacao.com\/1\/wp-json\/wp\/v2\/comments?post=167078"}],"version-history":[{"count":1,"href":"https:\/\/www.caririemacao.com\/1\/wp-json\/wp\/v2\/posts\/167078\/revisions"}],"predecessor-version":[{"id":167079,"href":"https:\/\/www.caririemacao.com\/1\/wp-json\/wp\/v2\/posts\/167078\/revisions\/167079"}],"wp:featuredmedia":[{"embeddable":true,"href":"https:\/\/www.caririemacao.com\/1\/wp-json\/wp\/v2\/media\/141716"}],"wp:attachment":[{"href":"https:\/\/www.caririemacao.com\/1\/wp-json\/wp\/v2\/media?parent=167078"}],"wp:term":[{"taxonomy":"category","embeddable":true,"href":"https:\/\/www.caririemacao.com\/1\/wp-json\/wp\/v2\/categories?post=167078"},{"taxonomy":"post_tag","embeddable":true,"href":"https:\/\/www.caririemacao.com\/1\/wp-json\/wp\/v2\/tags?post=167078"}],"curies":[{"name":"wp","href":"https:\/\/api.w.org\/{rel}","templated":true}]}}