{"id":167091,"date":"2020-05-02T06:50:41","date_gmt":"2020-05-02T09:50:41","guid":{"rendered":"https:\/\/www.caririemacao.com\/1\/?p=167091"},"modified":"2020-05-02T06:50:43","modified_gmt":"2020-05-02T09:50:43","slug":"acusacoes-contra-bolsonaro-moro-presta-depoimento-a-pf-neste-sabado","status":"publish","type":"post","link":"https:\/\/www.caririemacao.com\/1\/2020\/05\/02\/acusacoes-contra-bolsonaro-moro-presta-depoimento-a-pf-neste-sabado\/","title":{"rendered":"Acusa\u00e7\u00f5es contra Bolsonaro: Moro presta depoimento \u00e0 PF neste s\u00e1bado"},"content":{"rendered":"\n<p>O ex-ministro da Justi\u00e7a e Seguran\u00e7a P\u00fablica, Sergio Moro, vai prestar depoimento neste s\u00e1bado (2) na Pol\u00edcia Federal, em Curitiba. Moro ser\u00e1 questionado sobre as acusa\u00e7\u00f5es de que o presidente Jair Bolsonaro tentou interferir no trabalho da PF e em inqu\u00e9ritos relacionados a familiares.<br><br><br><br>As acusa\u00e7\u00f5es foram feitas pelo ex-ministro quando ele anunciou sua sa\u00edda do governo, h\u00e1 uma semana.<br><br><br><br>O depoimento foi determinado pelo ministro do Supremo Tribunal Federal (STF), Celso de Mello, que preside a investiga\u00e7\u00e3o.<br><br><br><br><br><br>Nesta quinta-feira (30) Celso de Mello determinou que Moro fosse ouvido em 5 dias, atendendo a pedido de parlamentares que alegaram a urg\u00eancia do caso e a possibilidade de perecimento de provas. O prazo anterior dado pelo ministro era de 60 dias.<br><br><br><br><br><br>O inqu\u00e9rito, autorizado pelo STF, vai investigar se as acusa\u00e7\u00f5es de Moro s\u00e3o verdadeiras. Se n\u00e3o forem, o ex-ministro poder\u00e1 responder na Justi\u00e7a por denuncia\u00e7\u00e3o caluniosa e crimes contra a honra.<br><br><br>Acusa\u00e7\u00f5es de Moro<br><br><br><br><br>Mensagens trocadas pelo ex-ministro e reveladas pelo Jornal Nacional mostram que a deputada federal Carla Zambelli (PSL-SP) tentou convencer Moro a permanecer no cargo, em meio a pol\u00eamica envolvendo a troca de comando na Pol\u00edcia Federal.<br><br><br><br><br>A parlamentar se ofereceu para tentar convencer o presidente da Rep\u00fablica a indic\u00e1-lo para uma vaga de ministro do STF. Moro deixou o governo ap\u00f3s Bolsonaro ter demitido o delegado Maur\u00edcio Valeixo do comando da PF.<br><br><br><br><br>Ao pedir ao ministro Celso de Mello um prazo menor para que Moro prestasse depoimento, os parlamentares citaram a gravidade das acusa\u00e7\u00f5es feitas pelo ex-ministro.<\/p>\n","protected":false},"excerpt":{"rendered":"<p>O ex-ministro da Justi\u00e7a e Seguran\u00e7a P\u00fablica, Sergio Moro, vai prestar depoimento neste s\u00e1bado (2) na Pol\u00edcia Federal, em Curitiba. Moro ser\u00e1 questionado sobre as&hellip; <\/p>\n","protected":false},"author":2,"featured_media":148929,"comment_status":"closed","ping_status":"closed","sticky":false,"template":"","format":"standard","meta":{"sfsi_plus_gutenberg_text_before_share":"","sfsi_plus_gutenberg_show_text_before_share":"","sfsi_plus_gutenberg_icon_type":"","sfsi_plus_gutenberg_icon_alignemt":"","sfsi_plus_gutenburg_max_per_row":"","footnotes":""},"categories":[11],"tags":[],"class_list":["post-167091","post","type-post","status-publish","format-standard","has-post-thumbnail","hentry","category-politica"],"_links":{"self":[{"href":"https:\/\/www.caririemacao.com\/1\/wp-json\/wp\/v2\/posts\/167091","targetHints":{"allow":["GET"]}}],"collection":[{"href":"https:\/\/www.caririemacao.com\/1\/wp-json\/wp\/v2\/posts"}],"about":[{"href":"https:\/\/www.caririemacao.com\/1\/wp-json\/wp\/v2\/types\/post"}],"author":[{"embeddable":true,"href":"https:\/\/www.caririemacao.com\/1\/wp-json\/wp\/v2\/users\/2"}],"replies":[{"embeddable":true,"href":"https:\/\/www.caririemacao.com\/1\/wp-json\/wp\/v2\/comments?post=167091"}],"version-history":[{"count":1,"href":"https:\/\/www.caririemacao.com\/1\/wp-json\/wp\/v2\/posts\/167091\/revisions"}],"predecessor-version":[{"id":167092,"href":"https:\/\/www.caririemacao.com\/1\/wp-json\/wp\/v2\/posts\/167091\/revisions\/167092"}],"wp:featuredmedia":[{"embeddable":true,"href":"https:\/\/www.caririemacao.com\/1\/wp-json\/wp\/v2\/media\/148929"}],"wp:attachment":[{"href":"https:\/\/www.caririemacao.com\/1\/wp-json\/wp\/v2\/media?parent=167091"}],"wp:term":[{"taxonomy":"category","embeddable":true,"href":"https:\/\/www.caririemacao.com\/1\/wp-json\/wp\/v2\/categories?post=167091"},{"taxonomy":"post_tag","embeddable":true,"href":"https:\/\/www.caririemacao.com\/1\/wp-json\/wp\/v2\/tags?post=167091"}],"curies":[{"name":"wp","href":"https:\/\/api.w.org\/{rel}","templated":true}]}}