{"id":167095,"date":"2020-05-02T06:56:36","date_gmt":"2020-05-02T09:56:36","guid":{"rendered":"https:\/\/www.caririemacao.com\/1\/?p=167095"},"modified":"2020-05-02T06:56:38","modified_gmt":"2020-05-02T09:56:38","slug":"lula-a-pandemia-deixou-o-capitalismo-nu","status":"publish","type":"post","link":"https:\/\/www.caririemacao.com\/1\/2020\/05\/02\/lula-a-pandemia-deixou-o-capitalismo-nu\/","title":{"rendered":"Lula: \u201cA pandemia deixou o capitalismo nu\u201d"},"content":{"rendered":"\n<p>O ex-presidente Luiz In\u00e1cio&nbsp;Lula&nbsp;da Silva advertiu neste 1\u00ba de Maio que a tarefa dos trabalhadores de todo mundo, diante da&nbsp;pandemia, \u00e9 aproveitar a oportunidade para a constru\u00e7\u00e3o de um novo mundo, baseado na&nbsp;Justi\u00e7a&nbsp;Social, na Igualdade e na Liberdade. S\u00e3o esses valores que devem guiar todos os trabalhadores diante da crise do capitalismo, que mergulhou o mundo numa paralisia assustadora.<\/p>\n\n\n\n<p>\u201cNo mundo que eu espero depois da trag\u00e9dia do coronavirus, o coletivo haver\u00e1 de triunfar sobre o individual, a&nbsp;solidariedade&nbsp;e a generosidade triunfar\u00e3o sobre o lucro\u201d, disse&nbsp;Lula, em mensagem gravada em v\u00eddeo e dirigida aos trabalhadores do&nbsp;Brasil&nbsp;e do mundo.<\/p>\n\n\n\n<p><ins><\/ins><\/p>\n\n\n\n<p>\u201cA pandemia deixou o capitalismo nu\u201d, afirma Lula. \u201cForam necess\u00e1rios 300 mil cad\u00e1veres para a humanidade ver uma verdade que n\u00f3s, trabalhadores, conhecemos desde o dia que nascemos. A trag\u00e9dia do&nbsp;coronav\u00edrus&nbsp;exp\u00f4s \u00e0 luz do sol uma verdade inquestion\u00e1vel: o que sustenta o capitalismo n\u00e3o \u00e9 o capital. Somos n\u00f3s, os trabalhadores\u201d, lembrou. \u201cA Hist\u00f3ria nos ensina, por\u00e9m, que grandes trag\u00e9dias costumam ser parteiras de grandes transforma\u00e7\u00f5es\u201d.<\/p>\n\n\n\n<p>\u201c\u00c9 essa verdade, nossa velha conhecida, que est\u00e1&nbsp;levando os principais jornais econ\u00f4micos do mundo, as b\u00edblias da elite mundial, a anunciarem que o capitalismo est\u00e1 com os dias contados. E est\u00e1 mesmo. Est\u00e1 moribundo\u201d, destacou.<\/p>\n\n\n\n<p>Lula defende a constru\u00e7\u00e3o de um novo mundo. \u201cUm mundo em que ningu\u00e9m explore o trabalho de ningu\u00e9m, um mundo em que se respeitem as diferen\u00e7as entre um e outro, um mundo em que todos, absolutamente todos, disponham de ferramentas para se emancipar de qualquer tipo de domina\u00e7\u00e3o ou de controle\u201d, disse, numa mensagem de esperan\u00e7a.<\/p>\n\n\n\n<p><ins><\/ins><\/p>\n\n\n\n<p>Ele prestou solidariedade aos familiares de todas as v\u00edtimas do coronavirus e a todos os trabalhadores e trabalhadoras que est\u00e3o lutando para salvar vidas em todo o mundo. \u201cUm v\u00edrus desconhecido conseguiu fechar fronteiras, trancar em casa mais de 3 bilh\u00f5es de seres humanos e mudar de maneira dram\u00e1tica a vida de cada um de n\u00f3s\u201d, disse o ex-presidente.<\/p>\n\n\n\n<p>\u201cH\u00e1 tr\u00eas meses estamos como num longo t\u00fanel sem fim, recebendo a cada dia not\u00edcias piores que as do dia anterior. A humanidade desperta todos os dias torcendo para que o n\u00famero de mortos de hoje seja menor que o de ontem. Estamos vivendo os mais tenebrosos dias da nossa hist\u00f3ria\u201d, lamentou.<\/p>\n","protected":false},"excerpt":{"rendered":"<p>O ex-presidente Luiz In\u00e1cio&nbsp;Lula&nbsp;da Silva advertiu neste 1\u00ba de Maio que a tarefa dos trabalhadores de todo mundo, diante da&nbsp;pandemia, \u00e9 aproveitar a oportunidade para&hellip; <\/p>\n","protected":false},"author":2,"featured_media":130396,"comment_status":"closed","ping_status":"closed","sticky":false,"template":"","format":"standard","meta":{"sfsi_plus_gutenberg_text_before_share":"","sfsi_plus_gutenberg_show_text_before_share":"","sfsi_plus_gutenberg_icon_type":"","sfsi_plus_gutenberg_icon_alignemt":"","sfsi_plus_gutenburg_max_per_row":"","footnotes":""},"categories":[11],"tags":[],"class_list":["post-167095","post","type-post","status-publish","format-standard","has-post-thumbnail","hentry","category-politica"],"_links":{"self":[{"href":"https:\/\/www.caririemacao.com\/1\/wp-json\/wp\/v2\/posts\/167095","targetHints":{"allow":["GET"]}}],"collection":[{"href":"https:\/\/www.caririemacao.com\/1\/wp-json\/wp\/v2\/posts"}],"about":[{"href":"https:\/\/www.caririemacao.com\/1\/wp-json\/wp\/v2\/types\/post"}],"author":[{"embeddable":true,"href":"https:\/\/www.caririemacao.com\/1\/wp-json\/wp\/v2\/users\/2"}],"replies":[{"embeddable":true,"href":"https:\/\/www.caririemacao.com\/1\/wp-json\/wp\/v2\/comments?post=167095"}],"version-history":[{"count":1,"href":"https:\/\/www.caririemacao.com\/1\/wp-json\/wp\/v2\/posts\/167095\/revisions"}],"predecessor-version":[{"id":167097,"href":"https:\/\/www.caririemacao.com\/1\/wp-json\/wp\/v2\/posts\/167095\/revisions\/167097"}],"wp:featuredmedia":[{"embeddable":true,"href":"https:\/\/www.caririemacao.com\/1\/wp-json\/wp\/v2\/media\/130396"}],"wp:attachment":[{"href":"https:\/\/www.caririemacao.com\/1\/wp-json\/wp\/v2\/media?parent=167095"}],"wp:term":[{"taxonomy":"category","embeddable":true,"href":"https:\/\/www.caririemacao.com\/1\/wp-json\/wp\/v2\/categories?post=167095"},{"taxonomy":"post_tag","embeddable":true,"href":"https:\/\/www.caririemacao.com\/1\/wp-json\/wp\/v2\/tags?post=167095"}],"curies":[{"name":"wp","href":"https:\/\/api.w.org\/{rel}","templated":true}]}}