{"id":167105,"date":"2020-05-02T07:06:14","date_gmt":"2020-05-02T10:06:14","guid":{"rendered":"https:\/\/www.caririemacao.com\/1\/?p=167105"},"modified":"2020-05-02T07:06:16","modified_gmt":"2020-05-02T10:06:16","slug":"detran-pb-realiza-maio-amarelo-de-forma-exclusivamente-digital","status":"publish","type":"post","link":"https:\/\/www.caririemacao.com\/1\/2020\/05\/02\/detran-pb-realiza-maio-amarelo-de-forma-exclusivamente-digital\/","title":{"rendered":"Detran-PB realiza Maio Amarelo de forma exclusivamente digital"},"content":{"rendered":"\n<p>Por conta da pandemia do coronav\u00edrus, a campanha do Maio Amarelo na Para\u00edba ser\u00e1 exclusivamente em ambiente digital, ou seja, pelas redes sociais do Departamento Estadual de Tr\u00e2nsito (Detran-PB).<\/p>\n\n\n\n<p>Seguindo orienta\u00e7\u00e3o dos organizadores do movimento mundial (Observat\u00f3rio Nacional de Seguran\u00e7a Vi\u00e1ria \u2013 ONSV e Departamento Nacional de Tr\u00e2nsito \u2013 Denatran), a campanha presencial foi adiada para setembro, quando se promove a Semana Nacional de Tr\u00e2nsito (SNT).<\/p>\n\n\n\n<p>Com o tema \u201cPerceba o risco, proteja a vida!\u201d, a abertura oficial ocorreu na noite dessa quarta-feira (29), numa live que contou com a participa\u00e7\u00e3o dos representantes dos segmentos que comp\u00f5em o sistema nacional de tr\u00e2nsito no pa\u00eds.<\/p>\n\n\n\n<p>Como nos anos anteriores, esta s\u00e9tima edi\u00e7\u00e3o do Maio Amarelo tem como finalidade alertar a popula\u00e7\u00e3o quanto aos altos \u00edndices de acidentes, com mortos e sequelados, nas vias e rodovias do pa\u00eds.<\/p>\n\n\n\n<p>O objetivo maior do movimento \u00e9 uma a\u00e7\u00e3o coordenada entre o Poder P\u00fablico e a sociedade civil, com a inten\u00e7\u00e3o de colocar em pauta o tema seguran\u00e7a vi\u00e1ria e mobilizar toda a sociedade para efetivamente discutir e engajar-se em a\u00e7\u00f5es, abordando toda a amplitude que a quest\u00e3o do tr\u00e2nsito exige.<\/p>\n\n\n\n<p>E durante este m\u00eas que se inicia essas a\u00e7\u00f5es ser\u00e3o propagadas por meio das redes sociais. Para a coordenadora de Educa\u00e7\u00e3o de Tr\u00e2nsito do Detran-PB, Ana Paula Buzetto.<\/p>\n\n\n\n<p>\u201cEstamos enfrentando um novo desafio e precisamos encontrar outras formas de como trabalhar a conscientiza\u00e7\u00e3o da popula\u00e7\u00e3o, sem a aproxima\u00e7\u00e3o f\u00edsica\u201d, destacou, acrescentando que em setembro ser\u00e1 desenvolvido um cronograma de a\u00e7\u00f5es para dar continuidade ao Maio Amarelo, junto com a Semana Nacional de Tr\u00e2nsito, desta vez de forma presencial.<\/p>\n","protected":false},"excerpt":{"rendered":"<p>Por conta da pandemia do coronav\u00edrus, a campanha do Maio Amarelo na Para\u00edba ser\u00e1 exclusivamente em ambiente digital, ou seja, pelas redes sociais do Departamento&hellip; <\/p>\n","protected":false},"author":2,"featured_media":158702,"comment_status":"closed","ping_status":"closed","sticky":false,"template":"","format":"standard","meta":{"sfsi_plus_gutenberg_text_before_share":"","sfsi_plus_gutenberg_show_text_before_share":"","sfsi_plus_gutenberg_icon_type":"","sfsi_plus_gutenberg_icon_alignemt":"","sfsi_plus_gutenburg_max_per_row":"","footnotes":""},"categories":[2],"tags":[],"class_list":["post-167105","post","type-post","status-publish","format-standard","has-post-thumbnail","hentry","category-geral"],"_links":{"self":[{"href":"https:\/\/www.caririemacao.com\/1\/wp-json\/wp\/v2\/posts\/167105","targetHints":{"allow":["GET"]}}],"collection":[{"href":"https:\/\/www.caririemacao.com\/1\/wp-json\/wp\/v2\/posts"}],"about":[{"href":"https:\/\/www.caririemacao.com\/1\/wp-json\/wp\/v2\/types\/post"}],"author":[{"embeddable":true,"href":"https:\/\/www.caririemacao.com\/1\/wp-json\/wp\/v2\/users\/2"}],"replies":[{"embeddable":true,"href":"https:\/\/www.caririemacao.com\/1\/wp-json\/wp\/v2\/comments?post=167105"}],"version-history":[{"count":1,"href":"https:\/\/www.caririemacao.com\/1\/wp-json\/wp\/v2\/posts\/167105\/revisions"}],"predecessor-version":[{"id":167106,"href":"https:\/\/www.caririemacao.com\/1\/wp-json\/wp\/v2\/posts\/167105\/revisions\/167106"}],"wp:featuredmedia":[{"embeddable":true,"href":"https:\/\/www.caririemacao.com\/1\/wp-json\/wp\/v2\/media\/158702"}],"wp:attachment":[{"href":"https:\/\/www.caririemacao.com\/1\/wp-json\/wp\/v2\/media?parent=167105"}],"wp:term":[{"taxonomy":"category","embeddable":true,"href":"https:\/\/www.caririemacao.com\/1\/wp-json\/wp\/v2\/categories?post=167105"},{"taxonomy":"post_tag","embeddable":true,"href":"https:\/\/www.caririemacao.com\/1\/wp-json\/wp\/v2\/tags?post=167105"}],"curies":[{"name":"wp","href":"https:\/\/api.w.org\/{rel}","templated":true}]}}