{"id":167108,"date":"2020-05-02T07:08:47","date_gmt":"2020-05-02T10:08:47","guid":{"rendered":"https:\/\/www.caririemacao.com\/1\/?p=167108"},"modified":"2020-05-02T07:08:50","modified_gmt":"2020-05-02T10:08:50","slug":"rede-globo-vai-reprisar-corridas-de-formula-1-com-ayrton-senna","status":"publish","type":"post","link":"https:\/\/www.caririemacao.com\/1\/2020\/05\/02\/rede-globo-vai-reprisar-corridas-de-formula-1-com-ayrton-senna\/","title":{"rendered":"Rede Globo vai reprisar corridas de F\u00f3rmula 1 com Ayrton Senna"},"content":{"rendered":"\n<p>A imagem de piloto talentoso e resiliente de Ayrton Senna come\u00e7ou a se consolidar na F-1 durante o GP de Suzuka de 1988, que ser\u00e1 reprisado na \u00edntegra pela Globo no domingo (3), \u00e0s 10h.<\/p>\n\n\n\n<p>\u00c9 a primeira retransmiss\u00e3o de F-1 da emissora, que desde o m\u00eas passado, por conta da paralisa\u00e7\u00e3o das atividades esportivas durante a pandemia da Covid-19, tem reprisado jogos decisivos da sele\u00e7\u00e3o brasileira de futebol nas tardes de domingo.<\/p>\n\n\n\n<p>A corrida ir\u00e1 ao ar com a narra\u00e7\u00e3o original de Galv\u00e3o Bueno e os coment\u00e1rios de Reginaldo Leme, que deixou a Globo no fim do ano passado ap\u00f3s 41 anos. A atra\u00e7\u00e3o ter\u00e1 depoimentos de Felipe Massa e de Bruno Senna, sobrinho de Ayrton e ex-piloto da F-1. Viviane, irm\u00e3 do tricampe\u00e3o, participar\u00e1 ao vivo.<\/p>\n\n\n\n<p>A data da reprise coincide com outro marco temporal sempre lembrado quando se fala no piloto brasileiro, que morreu h\u00e1 exatos 26 anos, no dia 1\u00ba de maio de 1994, ap\u00f3s acidente no GP de San Marino.<\/p>\n\n\n\n<p>A corrida de 1988 est\u00e1 entre as mais marcantes da hist\u00f3ria da F-1. Naquele 30 de outubro, Senna estava pressionado pelo seu rival e companheiro de McLaren, o franc\u00eas Alain Prost.<\/p>\n\n\n\n<p>O brasileiro precisava da vit\u00f3ria no Jap\u00e3o, a pen\u00faltima prova da temporada, para garantir o seu primeiro t\u00edtulo, por\u00e9m havia fracassado nas duas etapas anteriores. Em Portugal, Senna terminara em sexto, e na Espanha, em quarto, enquanto Prost vencera ambas.<\/p>\n\n\n\n<p>Antes de Suzuka, a McLaren s\u00f3 n\u00e3o havia vencido o GP de Monza. Senna chegou \u00e0 \u00c1sia com sete vit\u00f3rias no ano, e Prost, com seis. No treino classificat\u00f3rio, o brasileiro garantiu sua 12\u00aa pole em 1988, recorde at\u00e9 ent\u00e3o em uma mesma temporada. Prost, bicampe\u00e3o de F-1 \u00e0quela altura, ficou a apenas tr\u00eas d\u00e9cimos do colega.<\/p>\n\n\n\n<p>A prova, por\u00e9m, quase virou pesadelo logo no in\u00edcio. Mas a forma como Senna reagiu dentro da pista para garantir o triunfo, e consequentemente o t\u00edtulo, contribuiu para a constru\u00e7\u00e3o da aura que se formou ao redor de sua figura.<img decoding=\"async\" data-src=\"https:\/\/paraibaonline.com.br\/wp-content\/uploads\/2020\/05\/Ayrton-Senna-567x402.jpg\" alt=\"Foto: Divulga\u00e7\u00e3o\" data-srcset=\"https:\/\/paraibaonline.com.br\/wp-content\/uploads\/2020\/05\/Ayrton-Senna-567x402.jpg 567w, https:\/\/paraibaonline.com.br\/wp-content\/uploads\/2020\/05\/Ayrton-Senna-900x638.jpg 900w, https:\/\/paraibaonline.com.br\/wp-content\/uploads\/2020\/05\/Ayrton-Senna.jpg 1000w\" src=\"data:image\/svg+xml;base64,PHN2ZyB3aWR0aD0iMSIgaGVpZ2h0PSIxIiB4bWxucz0iaHR0cDovL3d3dy53My5vcmcvMjAwMC9zdmciPjwvc3ZnPg==\" class=\"lazyload\" style=\"--smush-placeholder-width: 567px; --smush-placeholder-aspect-ratio: 567\/402;\"><\/p>\n\n\n\n<p>Foto: Divulga\u00e7\u00e3o<\/p>\n\n\n\n<p>Assim que as luzes verdes se acenderam, a McLaren de Senna n\u00e3o saiu do lugar. O piloto levantou os bra\u00e7os esperando que ningu\u00e9m o tocasse. Para sua sorte, o carro saiu intacto e pegou no tranco. O problema, no entanto, acarretou em um grande atraso para ele, que perdeu 16 posi\u00e7\u00f5es. Ainda, Prost assumiu a ponta, o que lhe rendia o t\u00edtulo da temporada.<\/p>\n\n\n\n<p>\u201cEu disse a mim mesmo que tudo havia acabado, mas comecei a encontrar o meu ritmo novamente e acelerei cada vez mais r\u00e1pido\u201d, afirmou o piloto ao final da corrida.<\/p>\n\n\n\n<p>A rea\u00e7\u00e3o brasileira aconteceu j\u00e1 na primeira volta. Senna cruzou a linha em oitavo. Na d\u00e9cima volta, ultrapassou a Ferrari de Gerhard Berger e assumiu o terceiro lugar.<\/p>\n\n\n\n<p>Entre Senna e Prost estava o italiano Ivan Capelli, da March, que ainda utilizava carro com propulsor aspirado, conhecido como motor Judd. Capelli surpreendeu Alain Prost e, na 16\u00aa volta, assumiu a lideran\u00e7a em Suzuka.<\/p>\n\n\n\n<p>Feito que durou somente alguns metros. O March de Capelli n\u00e3o resistiu ao poderoso motor Honda da McLaren e o franc\u00eas retomou a ponta. Capelli deixaria a corrida na 19\u00aa volta.<\/p>\n\n\n\n<p>Sem o italiano pela frente, Senna passou a ser a imagem no retrovisor de Prost. Imagem cada vez mais n\u00edtida. Na 28\u00aa volta, atacou o rival antes da reta dos boxes. O franc\u00eas ainda espremeu o brasileiro no muro, mas tarde demais para conter o bote e sua 15\u00aa ultrapassagem naquele dia.<\/p>\n\n\n\n<p>Ayrton Senna manteve o ritmo forte at\u00e9 a 51\u00aa e \u00faltima volta do GP do Jap\u00e3o. A persegui\u00e7\u00e3o de Prost n\u00e3o foi suficiente, terminando 13 segundos atr\u00e1s do companheiro de equipe.<\/p>\n\n\n\n<p>\u201c\u00c9 a confirma\u00e7\u00e3o de um talento. Da garra, da vontade, da determina\u00e7\u00e3o de um piloto. Ayrton Senna ergue o punho, vibra, \u00e9 a vit\u00f3ria! Ayrton Senna, do Brasil!\u201d, narrou dessa forma Galv\u00e3o Bueno, na transmiss\u00e3o da Rede Globo, o instante em que Senna ultrapassava a linha de chegada para garantir o t\u00edtulo mundial.<\/p>\n\n\n\n<p>Prost ainda venceria o GP da Austr\u00e1lia, \u00faltimo da temporada, fechando o ano tr\u00eas pontos atr\u00e1s do brasileiro -90 a 87- e confirmando a soberania da McLaren.<\/p>\n","protected":false},"excerpt":{"rendered":"<p>A imagem de piloto talentoso e resiliente de Ayrton Senna come\u00e7ou a se consolidar na F-1 durante o GP de Suzuka de 1988, que ser\u00e1&hellip; <\/p>\n","protected":false},"author":2,"featured_media":167111,"comment_status":"closed","ping_status":"closed","sticky":false,"template":"","format":"standard","meta":{"sfsi_plus_gutenberg_text_before_share":"","sfsi_plus_gutenberg_show_text_before_share":"","sfsi_plus_gutenberg_icon_type":"","sfsi_plus_gutenberg_icon_alignemt":"","sfsi_plus_gutenburg_max_per_row":"","footnotes":""},"categories":[13],"tags":[],"class_list":["post-167108","post","type-post","status-publish","format-standard","has-post-thumbnail","hentry","category-esportes"],"_links":{"self":[{"href":"https:\/\/www.caririemacao.com\/1\/wp-json\/wp\/v2\/posts\/167108","targetHints":{"allow":["GET"]}}],"collection":[{"href":"https:\/\/www.caririemacao.com\/1\/wp-json\/wp\/v2\/posts"}],"about":[{"href":"https:\/\/www.caririemacao.com\/1\/wp-json\/wp\/v2\/types\/post"}],"author":[{"embeddable":true,"href":"https:\/\/www.caririemacao.com\/1\/wp-json\/wp\/v2\/users\/2"}],"replies":[{"embeddable":true,"href":"https:\/\/www.caririemacao.com\/1\/wp-json\/wp\/v2\/comments?post=167108"}],"version-history":[{"count":1,"href":"https:\/\/www.caririemacao.com\/1\/wp-json\/wp\/v2\/posts\/167108\/revisions"}],"predecessor-version":[{"id":167112,"href":"https:\/\/www.caririemacao.com\/1\/wp-json\/wp\/v2\/posts\/167108\/revisions\/167112"}],"wp:featuredmedia":[{"embeddable":true,"href":"https:\/\/www.caririemacao.com\/1\/wp-json\/wp\/v2\/media\/167111"}],"wp:attachment":[{"href":"https:\/\/www.caririemacao.com\/1\/wp-json\/wp\/v2\/media?parent=167108"}],"wp:term":[{"taxonomy":"category","embeddable":true,"href":"https:\/\/www.caririemacao.com\/1\/wp-json\/wp\/v2\/categories?post=167108"},{"taxonomy":"post_tag","embeddable":true,"href":"https:\/\/www.caririemacao.com\/1\/wp-json\/wp\/v2\/tags?post=167108"}],"curies":[{"name":"wp","href":"https:\/\/api.w.org\/{rel}","templated":true}]}}