{"id":167119,"date":"2020-05-02T07:55:53","date_gmt":"2020-05-02T10:55:53","guid":{"rendered":"https:\/\/www.caririemacao.com\/1\/?p=167119"},"modified":"2020-05-02T07:55:56","modified_gmt":"2020-05-02T10:55:56","slug":"dirigente-da-cbf-fala-de-retorno-de-treinos-no-futebol-brasileiro","status":"publish","type":"post","link":"https:\/\/www.caririemacao.com\/1\/2020\/05\/02\/dirigente-da-cbf-fala-de-retorno-de-treinos-no-futebol-brasileiro\/","title":{"rendered":"Dirigente da CBF fala de retorno de treinos no futebol brasileiro"},"content":{"rendered":"\n<p> O secret\u00e1rio-geral da Confedera\u00e7\u00e3o Brasileira de Futebol (CBF), Walter Feldman, falou nesta quinta (30) que j\u00e1 se come\u00e7a a trabalhar na possibilidade de retorno dos treinos das equipes brasileiras de futebol, mesmo em meio \u00e0 pandemia do novo coronav\u00edrus (covid-19).<\/p>\n\n\n\n<p>\u201cDecidimos iniciar nessa semana o processo de retorno ao futebol baseados exatamente em uma pergunta ao Minist\u00e9rio da Sa\u00fade. Se era poss\u00edvel voltarmos com seguran\u00e7a. J\u00e1 hav\u00edamos elaborado um protocolo de seguran\u00e7a para o retorno do futebol baseado em passos consistentes e subsequentes, que foi aprovado pelo secret\u00e1rio de sa\u00fade\u201d, declarou o dirigente em uma entrevista realizada pela internet.<\/p>\n\n\n\n<p>Segundo Feldman, no momento s\u00f3 haver\u00e1 um retorno aos treinos, mas com v\u00e1rias restri\u00e7\u00f5es, para garantir a seguran\u00e7a de atletas e membros de comiss\u00f5es t\u00e9cnicas: \u201cHaver\u00e1 restri\u00e7\u00f5es de alojamento e refeit\u00f3rios, para que possa haver uma configura\u00e7\u00e3o de Centro de Treinamento parecido com o que acontece em casa, com aspectos at\u00e9 mais rigorosos, pois teremos a presen\u00e7a de m\u00e9dicos regularmente\u201d.<\/p>\n\n\n\n<p>No entanto, o dirigente garantiu que, mesmo com o retorno dos treinos, ainda \u00e9 cedo para se falar na volta de jogos de futebol: \u201cN\u00e3o h\u00e1 possibilidade alguma de falar em retomada das competi\u00e7\u00f5es, seria insensato. Esse per\u00edodo de treinos pode demorar cerca de 15, 20 dias. Isso depender\u00e1 do sucesso desse processo controlado e do combate \u00e0 pandemia. Por\u00e9m, j\u00e1 sabemos que, se retornarmos ao futebol, ser\u00e1 com port\u00f5es fechados\u201d.<\/p>\n","protected":false},"excerpt":{"rendered":"<p>O secret\u00e1rio-geral da Confedera\u00e7\u00e3o Brasileira de Futebol (CBF), Walter Feldman, falou nesta quinta (30) que j\u00e1 se come\u00e7a a trabalhar na possibilidade de retorno dos&hellip; <\/p>\n","protected":false},"author":2,"featured_media":167120,"comment_status":"closed","ping_status":"closed","sticky":false,"template":"","format":"standard","meta":{"sfsi_plus_gutenberg_text_before_share":"","sfsi_plus_gutenberg_show_text_before_share":"","sfsi_plus_gutenberg_icon_type":"","sfsi_plus_gutenberg_icon_alignemt":"","sfsi_plus_gutenburg_max_per_row":"","footnotes":""},"categories":[13],"tags":[],"class_list":["post-167119","post","type-post","status-publish","format-standard","has-post-thumbnail","hentry","category-esportes"],"_links":{"self":[{"href":"https:\/\/www.caririemacao.com\/1\/wp-json\/wp\/v2\/posts\/167119","targetHints":{"allow":["GET"]}}],"collection":[{"href":"https:\/\/www.caririemacao.com\/1\/wp-json\/wp\/v2\/posts"}],"about":[{"href":"https:\/\/www.caririemacao.com\/1\/wp-json\/wp\/v2\/types\/post"}],"author":[{"embeddable":true,"href":"https:\/\/www.caririemacao.com\/1\/wp-json\/wp\/v2\/users\/2"}],"replies":[{"embeddable":true,"href":"https:\/\/www.caririemacao.com\/1\/wp-json\/wp\/v2\/comments?post=167119"}],"version-history":[{"count":1,"href":"https:\/\/www.caririemacao.com\/1\/wp-json\/wp\/v2\/posts\/167119\/revisions"}],"predecessor-version":[{"id":167121,"href":"https:\/\/www.caririemacao.com\/1\/wp-json\/wp\/v2\/posts\/167119\/revisions\/167121"}],"wp:featuredmedia":[{"embeddable":true,"href":"https:\/\/www.caririemacao.com\/1\/wp-json\/wp\/v2\/media\/167120"}],"wp:attachment":[{"href":"https:\/\/www.caririemacao.com\/1\/wp-json\/wp\/v2\/media?parent=167119"}],"wp:term":[{"taxonomy":"category","embeddable":true,"href":"https:\/\/www.caririemacao.com\/1\/wp-json\/wp\/v2\/categories?post=167119"},{"taxonomy":"post_tag","embeddable":true,"href":"https:\/\/www.caririemacao.com\/1\/wp-json\/wp\/v2\/tags?post=167119"}],"curies":[{"name":"wp","href":"https:\/\/api.w.org\/{rel}","templated":true}]}}