{"id":167123,"date":"2020-05-02T07:58:30","date_gmt":"2020-05-02T10:58:30","guid":{"rendered":"https:\/\/www.caririemacao.com\/1\/?p=167123"},"modified":"2020-05-02T07:58:33","modified_gmt":"2020-05-02T10:58:33","slug":"auxilio-emergencial-mais-de-32-milhoes-de-pessoas-foram-inelegiveis","status":"publish","type":"post","link":"https:\/\/www.caririemacao.com\/1\/2020\/05\/02\/auxilio-emergencial-mais-de-32-milhoes-de-pessoas-foram-inelegiveis\/","title":{"rendered":"Aux\u00edlio emergencial: mais de 32 milh\u00f5es de pessoas foram ineleg\u00edveis"},"content":{"rendered":"\n<h2 class=\"wp-block-heading\"><\/h2>\n\n\n\n<p>O governo federal j\u00e1 processou 96,9 milh\u00f5es de cadastros inscritos no programa de aux\u00edlio emergencial de R$ 600 e rejeitou o pagamento para 32,8 milh\u00f5es de pessoas. Segundo o ministro da Cidadania, Onyx Lorenzoni, os CPFs dessas pessoas foram analisados pelo sistema e considerados ineleg\u00edveis, segundo as regras do programa.<\/p>\n\n\n\n<p>&#8220;S\u00e3o pessoas que n\u00e3o tinham, perante a legisla\u00e7\u00e3o, a habilita\u00e7\u00e3o. Isso demonstra claramente que houve as tentativas de burla \u00e0 legisla\u00e7\u00e3o, e isto acabou dificultando a rapidez da an\u00e1lise daqueles que tinham direito&#8221;, afirmou nesta quinta-feira (30) o ministro em coletiva de imprensa para o enfrentamento \u00e0 pandemia do novo coronav\u00edrus, no Pal\u00e1cio do Planalto,.&nbsp;<\/p>\n\n\n\n<p>O aux\u00edlio emergencial foi um&nbsp;<a href=\"https:\/\/agenciabrasil.ebc.com.br\/politica\/noticia\/2020-04\/auxilio-emergencial-publicado-e-governo-abre-credito-de-98-bi\" target=\"_blank\" rel=\"noreferrer noopener\">programa aprovado<\/a>&nbsp;pelo Congresso Nacional&nbsp;para assegurar o pagamento de uma renda b\u00e1sica no valor R$ 600 a trabalhadores informais, aut\u00f4nomos e sem renda fixa, durante tr\u00eas meses, por causa dos efeitos da pandemia.&nbsp;<\/p>\n\n\n\n<p>Segundo Lorenzoni, at\u00e9 esta quinta-feira o governo ter\u00e1 conclu\u00eddo a an\u00e1lise de todos os cadastros feitos at\u00e9 o dia 26 de abril. Est\u00e1 previsto, na pr\u00f3xima semana, o pagamento a mais 5 milh\u00f5es de pessoas que tiveram o aux\u00edlio aprovado nos \u00faltimos dias.&nbsp;<\/p>\n\n\n\n<p>O ministro tamb\u00e9m informou que cerca de 13,6 milh\u00f5es de cadastros ainda n\u00e3o tiveram a an\u00e1lise conclu\u00edda porque o sistema acusou duplicidade de informa\u00e7\u00f5es, que \u00e9 quando mais de um membro da mesma fam\u00edlia realiza o cadastro no programa.<\/p>\n\n\n\n<p>&#8220;N\u00f3s temos CPFs inconclusos. [O problema] pode estar na composi\u00e7\u00e3o familiar, onde o pai registra uma fam\u00edlia, a m\u00e3e registra a mesma fam\u00edlia e n\u00f3s n\u00e3o podemos fechar porque precisamos ter clareza de quem \u00e9 o cabe\u00e7a desta fam\u00edlia&#8221;, explicou o ministro.<\/p>\n\n\n\n<p>Nestes casos, o ministro recomenda que as fam\u00edlias baixem a nova vers\u00e3o do aplicativo e ajustem as informa\u00e7\u00f5es. Para acelerar a an\u00e1lise, nos casos em que uma m\u00e3e e um pai cadastraram uma mesma fam\u00edlia, informando tamb\u00e9m o CPF dos filhos, o sistema vai considerar como chefe dessa fam\u00edlia a m\u00e3e, que \u00e9 quem poder\u00e1 receber o recurso, se atendidos os requisitos do programa.&nbsp;<\/p>\n\n\n\n<p>O Minist\u00e9rio da Cidadania informou que, at\u00e9 agora, cerca de 50 milh\u00f5es de pessoas foram consideradas eleg\u00edveis para o recebimento do aux\u00edlio emergencial. O governo liberou, at\u00e9 agora, cerca R$ 123 bilh\u00f5es em cr\u00e9dito extraordin\u00e1rio para custear o programa.&nbsp;<\/p>\n","protected":false},"excerpt":{"rendered":"<p>O governo federal j\u00e1 processou 96,9 milh\u00f5es de cadastros inscritos no programa de aux\u00edlio emergencial de R$ 600 e rejeitou o pagamento para 32,8 milh\u00f5es&hellip; <\/p>\n","protected":false},"author":2,"featured_media":167124,"comment_status":"closed","ping_status":"closed","sticky":false,"template":"","format":"standard","meta":{"sfsi_plus_gutenberg_text_before_share":"","sfsi_plus_gutenberg_show_text_before_share":"","sfsi_plus_gutenberg_icon_type":"","sfsi_plus_gutenberg_icon_alignemt":"","sfsi_plus_gutenburg_max_per_row":"","footnotes":""},"categories":[2],"tags":[],"class_list":["post-167123","post","type-post","status-publish","format-standard","has-post-thumbnail","hentry","category-geral"],"_links":{"self":[{"href":"https:\/\/www.caririemacao.com\/1\/wp-json\/wp\/v2\/posts\/167123","targetHints":{"allow":["GET"]}}],"collection":[{"href":"https:\/\/www.caririemacao.com\/1\/wp-json\/wp\/v2\/posts"}],"about":[{"href":"https:\/\/www.caririemacao.com\/1\/wp-json\/wp\/v2\/types\/post"}],"author":[{"embeddable":true,"href":"https:\/\/www.caririemacao.com\/1\/wp-json\/wp\/v2\/users\/2"}],"replies":[{"embeddable":true,"href":"https:\/\/www.caririemacao.com\/1\/wp-json\/wp\/v2\/comments?post=167123"}],"version-history":[{"count":1,"href":"https:\/\/www.caririemacao.com\/1\/wp-json\/wp\/v2\/posts\/167123\/revisions"}],"predecessor-version":[{"id":167125,"href":"https:\/\/www.caririemacao.com\/1\/wp-json\/wp\/v2\/posts\/167123\/revisions\/167125"}],"wp:featuredmedia":[{"embeddable":true,"href":"https:\/\/www.caririemacao.com\/1\/wp-json\/wp\/v2\/media\/167124"}],"wp:attachment":[{"href":"https:\/\/www.caririemacao.com\/1\/wp-json\/wp\/v2\/media?parent=167123"}],"wp:term":[{"taxonomy":"category","embeddable":true,"href":"https:\/\/www.caririemacao.com\/1\/wp-json\/wp\/v2\/categories?post=167123"},{"taxonomy":"post_tag","embeddable":true,"href":"https:\/\/www.caririemacao.com\/1\/wp-json\/wp\/v2\/tags?post=167123"}],"curies":[{"name":"wp","href":"https:\/\/api.w.org\/{rel}","templated":true}]}}