{"id":167128,"date":"2020-05-02T08:03:42","date_gmt":"2020-05-02T11:03:42","guid":{"rendered":"https:\/\/www.caririemacao.com\/1\/?p=167128"},"modified":"2020-05-02T08:03:43","modified_gmt":"2020-05-02T11:03:43","slug":"em-meio-a-pandemia-bolsonaro-voltar-a-dizer-que-quer-brasileiros-fora-do-isolamento-e-trabalhando","status":"publish","type":"post","link":"https:\/\/www.caririemacao.com\/1\/2020\/05\/02\/em-meio-a-pandemia-bolsonaro-voltar-a-dizer-que-quer-brasileiros-fora-do-isolamento-e-trabalhando\/","title":{"rendered":"Em meio \u00e0 pandemia, Bolsonaro voltar a dizer que quer brasileiros fora do isolamento e trabalhando"},"content":{"rendered":"\n<h1 class=\"wp-block-heading\"><\/h1>\n\n\n\n<p><a rel=\"noreferrer noopener\" href=\"https:\/\/api.whatsapp.com\/send?text=https:\/\/fonte83.com.br\/em-meio-a-pandemia-bolsonaro-voltar-a-dizer-que-quer-brasileiros-fora-do-isolamento-e-trabalhando\" target=\"_blank\"><\/a><\/p>\n\n\n\n<p>No Dia do Trabalhador, comemorado nesta sexta-feira (1\u00ba), o presidente da Rep\u00fablica, Jair Bolsonaro, disse que gostaria que todas as pessoas voltassem a trabalhar, mas ressaltou que a decis\u00e3o n\u00e3o depende dele e sim de governadores e prefeitos. \u201cEu tenho certeza que, Deus acima de tudo, brevemente voltaremos \u00e0 normalidade. Eu gostaria que todos voltassem a trabalhar, mas quem decide isso n\u00e3o sou eu. S\u00e3o os governadores e prefeitos\u201d, afirmou.<\/p>\n\n\n\n<p>A declara\u00e7\u00e3o foi dada a cerca de 20 agricultores, que convidados pela deputada federal Bia Kicis (PSL-DF), estiveram com o presidente na manh\u00e3 de hoje no Pal\u00e1cio da Alvorada. Bolsonaro recepcionou o grupo na portaria da resid\u00eancia oficial e seguiu com eles para o interior do Pal\u00e1cio.<\/p>\n","protected":false},"excerpt":{"rendered":"<p>No Dia do Trabalhador, comemorado nesta sexta-feira (1\u00ba), o presidente da Rep\u00fablica, Jair Bolsonaro, disse que gostaria que todas as pessoas voltassem a trabalhar, mas&hellip; <\/p>\n","protected":false},"author":2,"featured_media":166874,"comment_status":"closed","ping_status":"closed","sticky":false,"template":"","format":"standard","meta":{"sfsi_plus_gutenberg_text_before_share":"","sfsi_plus_gutenberg_show_text_before_share":"","sfsi_plus_gutenberg_icon_type":"","sfsi_plus_gutenberg_icon_alignemt":"","sfsi_plus_gutenburg_max_per_row":"","footnotes":""},"categories":[11],"tags":[],"class_list":["post-167128","post","type-post","status-publish","format-standard","has-post-thumbnail","hentry","category-politica"],"_links":{"self":[{"href":"https:\/\/www.caririemacao.com\/1\/wp-json\/wp\/v2\/posts\/167128","targetHints":{"allow":["GET"]}}],"collection":[{"href":"https:\/\/www.caririemacao.com\/1\/wp-json\/wp\/v2\/posts"}],"about":[{"href":"https:\/\/www.caririemacao.com\/1\/wp-json\/wp\/v2\/types\/post"}],"author":[{"embeddable":true,"href":"https:\/\/www.caririemacao.com\/1\/wp-json\/wp\/v2\/users\/2"}],"replies":[{"embeddable":true,"href":"https:\/\/www.caririemacao.com\/1\/wp-json\/wp\/v2\/comments?post=167128"}],"version-history":[{"count":1,"href":"https:\/\/www.caririemacao.com\/1\/wp-json\/wp\/v2\/posts\/167128\/revisions"}],"predecessor-version":[{"id":167129,"href":"https:\/\/www.caririemacao.com\/1\/wp-json\/wp\/v2\/posts\/167128\/revisions\/167129"}],"wp:featuredmedia":[{"embeddable":true,"href":"https:\/\/www.caririemacao.com\/1\/wp-json\/wp\/v2\/media\/166874"}],"wp:attachment":[{"href":"https:\/\/www.caririemacao.com\/1\/wp-json\/wp\/v2\/media?parent=167128"}],"wp:term":[{"taxonomy":"category","embeddable":true,"href":"https:\/\/www.caririemacao.com\/1\/wp-json\/wp\/v2\/categories?post=167128"},{"taxonomy":"post_tag","embeddable":true,"href":"https:\/\/www.caririemacao.com\/1\/wp-json\/wp\/v2\/tags?post=167128"}],"curies":[{"name":"wp","href":"https:\/\/api.w.org\/{rel}","templated":true}]}}