{"id":167131,"date":"2020-05-02T08:08:27","date_gmt":"2020-05-02T11:08:27","guid":{"rendered":"https:\/\/www.caririemacao.com\/1\/?p=167131"},"modified":"2020-05-02T08:08:29","modified_gmt":"2020-05-02T11:08:29","slug":"reducao-no-preco-do-gas-natural-e-aprovado-na-paraiba","status":"publish","type":"post","link":"https:\/\/www.caririemacao.com\/1\/2020\/05\/02\/reducao-no-preco-do-gas-natural-e-aprovado-na-paraiba\/","title":{"rendered":"Redu\u00e7\u00e3o no pre\u00e7o do g\u00e1s natural \u00e9 aprovado na Para\u00edba"},"content":{"rendered":"\n<h1 class=\"wp-block-heading\"><\/h1>\n\n\n\n<p><\/p>\n\n\n\n<figure class=\"wp-block-image\"><img decoding=\"async\" data-src=\"https:\/\/paraibadebate.com.br\/wp-content\/uploads\/2020\/05\/IMG-20200501-WA0024.jpg\" alt=\"\" src=\"data:image\/svg+xml;base64,PHN2ZyB3aWR0aD0iMSIgaGVpZ2h0PSIxIiB4bWxucz0iaHR0cDovL3d3dy53My5vcmcvMjAwMC9zdmciPjwvc3ZnPg==\" class=\"lazyload\" \/><\/figure>\n\n\n\n<p>Nesta sexta-feira (1) o Di\u00e1rio Oficial do Estado (DOE) oficializou a aprova\u00e7\u00e3o da redu\u00e7\u00e3o do pre\u00e7o cobrado pelo g\u00e1s natural comercializado pela Companhia paraibana de G\u00e1s, a PB G\u00e1s. Segundo o documento, o reajuste da tarifa m\u00e9dia \u00e9 de -7,80% sobre o pre\u00e7o do g\u00e1s natural. Tamb\u00e9m haver\u00e1 redu\u00e7\u00f5es nos seguimentos industrial, veicular, comercial e residencial.<\/p>\n\n\n\n<p>Confira as Redu\u00e7\u00f5es:<\/p>\n\n\n\n<p>-8,20% no segmento Industrial;<\/p>\n\n\n\n<p>-7,80% no segmento de G\u00e1s Natural Veicular \u2013 GNV;<\/p>\n\n\n\n<p>-9,00% no segmento G\u00e1s Natural Comprimido \u2013 GNC;<\/p>\n\n\n\n<p>-7,10% no segmento Comercial;<\/p>\n\n\n\n<p>-3,30% no segmento Residencial<\/p>\n\n\n\n<p>-9,40% no segmento dos Energ\u00e9ticos de Baixo Valor Agregado EBVA<\/p>\n\n\n\n<p>-9,70% no segmento Gera\u00e7\u00e3o Distribu\u00edda \u2013 GD<\/p>\n\n\n\n<p>Para\u00edba Debate com informa\u00e7\u00f5es T5 Para\u00edba<\/p>\n","protected":false},"excerpt":{"rendered":"<p>Nesta sexta-feira (1) o Di\u00e1rio Oficial do Estado (DOE) oficializou a aprova\u00e7\u00e3o da redu\u00e7\u00e3o do pre\u00e7o cobrado pelo g\u00e1s natural comercializado pela Companhia paraibana de&hellip; <\/p>\n","protected":false},"author":2,"featured_media":95952,"comment_status":"closed","ping_status":"closed","sticky":false,"template":"","format":"standard","meta":{"sfsi_plus_gutenberg_text_before_share":"","sfsi_plus_gutenberg_show_text_before_share":"","sfsi_plus_gutenberg_icon_type":"","sfsi_plus_gutenberg_icon_alignemt":"","sfsi_plus_gutenburg_max_per_row":"","footnotes":""},"categories":[2],"tags":[],"class_list":["post-167131","post","type-post","status-publish","format-standard","has-post-thumbnail","hentry","category-geral"],"_links":{"self":[{"href":"https:\/\/www.caririemacao.com\/1\/wp-json\/wp\/v2\/posts\/167131","targetHints":{"allow":["GET"]}}],"collection":[{"href":"https:\/\/www.caririemacao.com\/1\/wp-json\/wp\/v2\/posts"}],"about":[{"href":"https:\/\/www.caririemacao.com\/1\/wp-json\/wp\/v2\/types\/post"}],"author":[{"embeddable":true,"href":"https:\/\/www.caririemacao.com\/1\/wp-json\/wp\/v2\/users\/2"}],"replies":[{"embeddable":true,"href":"https:\/\/www.caririemacao.com\/1\/wp-json\/wp\/v2\/comments?post=167131"}],"version-history":[{"count":1,"href":"https:\/\/www.caririemacao.com\/1\/wp-json\/wp\/v2\/posts\/167131\/revisions"}],"predecessor-version":[{"id":167132,"href":"https:\/\/www.caririemacao.com\/1\/wp-json\/wp\/v2\/posts\/167131\/revisions\/167132"}],"wp:featuredmedia":[{"embeddable":true,"href":"https:\/\/www.caririemacao.com\/1\/wp-json\/wp\/v2\/media\/95952"}],"wp:attachment":[{"href":"https:\/\/www.caririemacao.com\/1\/wp-json\/wp\/v2\/media?parent=167131"}],"wp:term":[{"taxonomy":"category","embeddable":true,"href":"https:\/\/www.caririemacao.com\/1\/wp-json\/wp\/v2\/categories?post=167131"},{"taxonomy":"post_tag","embeddable":true,"href":"https:\/\/www.caririemacao.com\/1\/wp-json\/wp\/v2\/tags?post=167131"}],"curies":[{"name":"wp","href":"https:\/\/api.w.org\/{rel}","templated":true}]}}