{"id":167135,"date":"2020-05-02T08:15:12","date_gmt":"2020-05-02T11:15:12","guid":{"rendered":"https:\/\/www.caririemacao.com\/1\/?p=167135"},"modified":"2020-05-02T08:15:13","modified_gmt":"2020-05-02T11:15:13","slug":"enfermeiros-sao-agredidos-por-bolsonaristas-durante-ato-por-isolamento-social","status":"publish","type":"post","link":"https:\/\/www.caririemacao.com\/1\/2020\/05\/02\/enfermeiros-sao-agredidos-por-bolsonaristas-durante-ato-por-isolamento-social\/","title":{"rendered":"Enfermeiros s\u00e3o agredidos por bolsonaristas durante ato por isolamento social"},"content":{"rendered":"\n\n\n<h1 class=\"wp-block-heading\"><\/h1>\n\n\n\n\n\n<p>Um grupo de enfermeiros fez um protesto, nesta sexta-feira, na Pra\u00e7a dos Tr\u00eas Poderes, em Bras\u00edlia. Al\u00e9m de defender o isolamento social como forma de combater o avan\u00e7o do novo coronav\u00edrus, eles carregaram cruzes em homenagem a colegas que morreram em meio ao trabalho de enfrentamento \u00e0 pandemia da Covid-19. O protesto silencioso terminou depois que apoiadores do presidente Jair Bolsonaro agrediram verbalmente os profissionais.<\/p>\n\n\n\n<p>Mantendo dist\u00e2ncia entre um e outro e usando m\u00e1scaras, cada enfermeiro segurava uma cruz em homenagem aos colegas mortos. Uma faixa pedia para que as pessoas fiquem em casa.<\/p>\n","protected":false},"excerpt":{"rendered":"<p>Um grupo de enfermeiros fez um protesto, nesta sexta-feira, na Pra\u00e7a dos Tr\u00eas Poderes, em Bras\u00edlia. Al\u00e9m de defender o isolamento social como forma de&hellip; <\/p>\n","protected":false},"author":2,"featured_media":167136,"comment_status":"closed","ping_status":"closed","sticky":false,"template":"","format":"standard","meta":{"sfsi_plus_gutenberg_text_before_share":"","sfsi_plus_gutenberg_show_text_before_share":"","sfsi_plus_gutenberg_icon_type":"","sfsi_plus_gutenberg_icon_alignemt":"","sfsi_plus_gutenburg_max_per_row":"","footnotes":""},"categories":[2],"tags":[],"class_list":["post-167135","post","type-post","status-publish","format-standard","has-post-thumbnail","hentry","category-geral"],"_links":{"self":[{"href":"https:\/\/www.caririemacao.com\/1\/wp-json\/wp\/v2\/posts\/167135","targetHints":{"allow":["GET"]}}],"collection":[{"href":"https:\/\/www.caririemacao.com\/1\/wp-json\/wp\/v2\/posts"}],"about":[{"href":"https:\/\/www.caririemacao.com\/1\/wp-json\/wp\/v2\/types\/post"}],"author":[{"embeddable":true,"href":"https:\/\/www.caririemacao.com\/1\/wp-json\/wp\/v2\/users\/2"}],"replies":[{"embeddable":true,"href":"https:\/\/www.caririemacao.com\/1\/wp-json\/wp\/v2\/comments?post=167135"}],"version-history":[{"count":1,"href":"https:\/\/www.caririemacao.com\/1\/wp-json\/wp\/v2\/posts\/167135\/revisions"}],"predecessor-version":[{"id":167137,"href":"https:\/\/www.caririemacao.com\/1\/wp-json\/wp\/v2\/posts\/167135\/revisions\/167137"}],"wp:featuredmedia":[{"embeddable":true,"href":"https:\/\/www.caririemacao.com\/1\/wp-json\/wp\/v2\/media\/167136"}],"wp:attachment":[{"href":"https:\/\/www.caririemacao.com\/1\/wp-json\/wp\/v2\/media?parent=167135"}],"wp:term":[{"taxonomy":"category","embeddable":true,"href":"https:\/\/www.caririemacao.com\/1\/wp-json\/wp\/v2\/categories?post=167135"},{"taxonomy":"post_tag","embeddable":true,"href":"https:\/\/www.caririemacao.com\/1\/wp-json\/wp\/v2\/tags?post=167135"}],"curies":[{"name":"wp","href":"https:\/\/api.w.org\/{rel}","templated":true}]}}