{"id":167141,"date":"2020-05-02T08:29:05","date_gmt":"2020-05-02T11:29:05","guid":{"rendered":"https:\/\/www.caririemacao.com\/1\/?p=167141"},"modified":"2020-05-02T08:29:07","modified_gmt":"2020-05-02T11:29:07","slug":"governo-da-paraiba-torna-obrigatorio-uso-de-mascaras-em-locais-publicos","status":"publish","type":"post","link":"https:\/\/www.caririemacao.com\/1\/2020\/05\/02\/governo-da-paraiba-torna-obrigatorio-uso-de-mascaras-em-locais-publicos\/","title":{"rendered":"Governo da Para\u00edba torna obrigat\u00f3rio uso de m\u00e1scaras em locais p\u00fablicos"},"content":{"rendered":"\n<h2 class=\"wp-block-heading\"><\/h2>\n\n\n\n<p>As pessoas que circularem por locais p\u00fablicos na Para\u00edba, a partir de segunda-feira (4), ter\u00e3o que usar m\u00e1scaras. A determina\u00e7\u00e3o est\u00e1 no ato assinado pelo governador Jo\u00e3o Azev\u00eado (Cidadania) que prorroga at\u00e9 o dia 18 de maio as medidas restritivas que visam conter a dissemina\u00e7\u00e3o do novo coronav\u00edrus no Estado. O decreto 40.217, que ser\u00e1 publicado na edi\u00e7\u00e3o deste s\u00e1bado (2), no Di\u00e1rio Oficial do Estado, torna o uso obrigat\u00f3rio tamb\u00e9m em estabelecimentos comerciais e mant\u00e9m suspensas as aulas presenciais nas escolas, universidades e faculdades da rede p\u00fablica e privada do Estado. Nos pr\u00f3ximos dias, o governo estar\u00e1 distribuindo com a popula\u00e7\u00e3o os primeiros lotes das 3 milh\u00f5es de m\u00e1scaras que mandou confeccionar.<br>Com a manuten\u00e7\u00e3o das medidas necess\u00e1rias para o cumprimento do isolamento social, academias, gin\u00e1sios, centros esportivos, shoppings, galerias, igrejas, centros comerciais, bares, restaurantes, casas de festas, casas noturnas, boates, cinemas, teatros, circos, parques de divers\u00e3o, lojas e estabelecimentos comerciais considerados n\u00e3o essenciais neste momento, embarca\u00e7\u00f5es tur\u00edsticas, de esporte e lazer seguem com suas atividades suspensas durante o per\u00edodo de vig\u00eancia do novo decreto.<br>J\u00e1 os estabelecimentos com permiss\u00e3o para funcionar dever\u00e3o cumprir todas as recomenda\u00e7\u00f5es de preven\u00e7\u00e3o e controle para o enfrentamento da covid-19 estabelecidas pelas autoridades sanit\u00e1rias, ficando obrigados tamb\u00e9m a fornecer m\u00e1scaras para todos os seus empregados, prestadores de servi\u00e7o e colaboradores. Al\u00e9m disso, eles tamb\u00e9m ter\u00e3o que evitar a entrada e a perman\u00eancia no interior das suas depend\u00eancias de pessoas que n\u00e3o estejam usando m\u00e1scaras de prote\u00e7\u00e3o facial, que poder\u00e3o ser de fabrica\u00e7\u00e3o artesanal ou caseira.Uso de m\u00e1scaras \u2013 A utiliza\u00e7\u00e3o da m\u00e1scara ser\u00e1 obrigat\u00f3ria em todos os espa\u00e7os p\u00fablicos, transporte p\u00fablico coletivo e estabelecimentos comerciais, em todo o territ\u00f3rio estadual, ainda que produzida de forma artesanal ou caseira. A exig\u00eancia ir\u00e1 vigorar durante o per\u00edodo de estado de emerg\u00eancia em virtude da pandemia do coronav\u00edrus.<br><br><br><br><br>Ag\u00eancias banc\u00e1rias \u2013 Os estabelecimentos banc\u00e1rios e as casas lot\u00e9ricas autorizados a funcionar dever\u00e3o adotar medidas de prote\u00e7\u00e3o aos seus funcion\u00e1rios, clientes e colaboradores, estabelecendo a dist\u00e2ncia de 1,5 metros entre cada pessoa e adotando, quando poss\u00edvel, sistemas de escala, altera\u00e7\u00e3o de jornadas e revezamento de turnos, para reduzir o fluxo e n\u00e3o permitir a aglomera\u00e7\u00e3o de pessoas.<br><br><br><br><br>Reparti\u00e7\u00f5es p\u00fablicas \u2013 O expediente nas reparti\u00e7\u00f5es p\u00fablicas estaduais segue suspenso at\u00e9 o dia 18 de maio. Com isso, os servidores p\u00fablicos estaduais, da administra\u00e7\u00e3o direta e indireta, executar\u00e3o suas atividades de forma remota (home office) e permanecer\u00e3o de sobreaviso, podendo ser convocados, durante o per\u00edodo do expediente, em caso de necessidade de comparecimento ao local de trabalho.<br><br><br><br><br>A determina\u00e7\u00e3o n\u00e3o se aplica aos servidores das Secretarias de Sa\u00fade, Seguran\u00e7a e Defesa Social, Administra\u00e7\u00e3o Penitenci\u00e1ria, Companhia de \u00c1gua e Esgotos da Para\u00edba (Cagepa) e Funda\u00e7\u00e3o Desenvolvimento da Crian\u00e7a e do Adolescente \u201cAlice de Almeida\u201d (Fundac), ficando impedida, por\u00e9m, a presen\u00e7a de funcion\u00e1rios que tenham hist\u00f3rico de doen\u00e7as respirat\u00f3rias ou doen\u00e7as cr\u00f4nicas ou cujos familiares, que habitam na mesma resid\u00eancia, tenham doen\u00e7as cr\u00f4nicas; que utilizam medicamentos imunossupressores; que manifestarem sintomas respirat\u00f3rios, como febre, tosse, coriza ou dificuldade de respirar; gr\u00e1vidas ou lactantes. Todas as quest\u00f5es relativas ao enquadramento ou n\u00e3o dos servidores estaduais nas condi\u00e7\u00f5es acima ser\u00e3o decididas pelos secret\u00e1rios e gestores dos respectivos \u00f3rg\u00e3os estaduais.<\/p>\n","protected":false},"excerpt":{"rendered":"<p>As pessoas que circularem por locais p\u00fablicos na Para\u00edba, a partir de segunda-feira (4), ter\u00e3o que usar m\u00e1scaras. A determina\u00e7\u00e3o est\u00e1 no ato assinado pelo&hellip; <\/p>\n","protected":false},"author":2,"featured_media":167142,"comment_status":"closed","ping_status":"closed","sticky":false,"template":"","format":"standard","meta":{"sfsi_plus_gutenberg_text_before_share":"","sfsi_plus_gutenberg_show_text_before_share":"","sfsi_plus_gutenberg_icon_type":"","sfsi_plus_gutenberg_icon_alignemt":"","sfsi_plus_gutenburg_max_per_row":"","footnotes":""},"categories":[50,2],"tags":[],"class_list":["post-167141","post","type-post","status-publish","format-standard","has-post-thumbnail","hentry","category-destaque","category-geral"],"_links":{"self":[{"href":"https:\/\/www.caririemacao.com\/1\/wp-json\/wp\/v2\/posts\/167141","targetHints":{"allow":["GET"]}}],"collection":[{"href":"https:\/\/www.caririemacao.com\/1\/wp-json\/wp\/v2\/posts"}],"about":[{"href":"https:\/\/www.caririemacao.com\/1\/wp-json\/wp\/v2\/types\/post"}],"author":[{"embeddable":true,"href":"https:\/\/www.caririemacao.com\/1\/wp-json\/wp\/v2\/users\/2"}],"replies":[{"embeddable":true,"href":"https:\/\/www.caririemacao.com\/1\/wp-json\/wp\/v2\/comments?post=167141"}],"version-history":[{"count":1,"href":"https:\/\/www.caririemacao.com\/1\/wp-json\/wp\/v2\/posts\/167141\/revisions"}],"predecessor-version":[{"id":167143,"href":"https:\/\/www.caririemacao.com\/1\/wp-json\/wp\/v2\/posts\/167141\/revisions\/167143"}],"wp:featuredmedia":[{"embeddable":true,"href":"https:\/\/www.caririemacao.com\/1\/wp-json\/wp\/v2\/media\/167142"}],"wp:attachment":[{"href":"https:\/\/www.caririemacao.com\/1\/wp-json\/wp\/v2\/media?parent=167141"}],"wp:term":[{"taxonomy":"category","embeddable":true,"href":"https:\/\/www.caririemacao.com\/1\/wp-json\/wp\/v2\/categories?post=167141"},{"taxonomy":"post_tag","embeddable":true,"href":"https:\/\/www.caririemacao.com\/1\/wp-json\/wp\/v2\/tags?post=167141"}],"curies":[{"name":"wp","href":"https:\/\/api.w.org\/{rel}","templated":true}]}}