{"id":167146,"date":"2020-05-02T08:36:36","date_gmt":"2020-05-02T11:36:36","guid":{"rendered":"https:\/\/www.caririemacao.com\/1\/?p=167146"},"modified":"2020-05-02T08:36:39","modified_gmt":"2020-05-02T11:36:39","slug":"regina-duarte-se-encontra-com-bolsonaro-na-proxima-semana-e-pode-ser-demitida","status":"publish","type":"post","link":"https:\/\/www.caririemacao.com\/1\/2020\/05\/02\/regina-duarte-se-encontra-com-bolsonaro-na-proxima-semana-e-pode-ser-demitida\/","title":{"rendered":"Regina Duarte se encontra com Bolsonaro na pr\u00f3xima semana e pode ser demitida"},"content":{"rendered":"\n<h3 class=\"wp-block-heading\"><\/h3>\n\n\n\n<hr class=\"wp-block-separator\"\/>\n\n\n\n<p>A secret\u00e1ria de Cultura, Regina Duarte, vai \u00e0 Bras\u00edlia na pr\u00f3xima semana para se encontrar com o presidente Jair Bolsonaro (Sem Partido-RJ).<\/p>\n\n\n\n<p>A conversa \u00e9 esperada j\u00e1 h\u00e1 algum tempo. A informa\u00e7\u00e3o \u00e9 da&nbsp;coluna de Ancelmo Gois.<\/p>\n\n\n\n<p>A atriz tem sido tratada com desprezo pelo governo.&nbsp;Bolsonaro j\u00e1 deu diversos sinais que quer o seu cargo&nbsp;para distribuir entre os partidos do centr\u00e3o, onde o presidente come\u00e7a a costurar a sua nova base de apoio.<\/p>\n\n\n\n<p>Parentes pr\u00f3ximos de Regina Duarte est\u00e3o&nbsp;perplexos e aborrecidos&nbsp;com as humilha\u00e7\u00f5es que a atriz tem sofrido do presidente e seus seguidores mais pr\u00f3ximos.<\/p>\n\n\n\n<p>Os que mais se ressentem s\u00e3o a sua irm\u00e3 mais pr\u00f3xima, Tereza e a sua, filha, a tamb\u00e9m atriz Gabriela Duarte.<\/p>\n","protected":false},"excerpt":{"rendered":"<p>A secret\u00e1ria de Cultura, Regina Duarte, vai \u00e0 Bras\u00edlia na pr\u00f3xima semana para se encontrar com o presidente Jair Bolsonaro (Sem Partido-RJ). A conversa \u00e9&hellip; <\/p>\n","protected":false},"author":2,"featured_media":167147,"comment_status":"closed","ping_status":"closed","sticky":false,"template":"","format":"standard","meta":{"sfsi_plus_gutenberg_text_before_share":"","sfsi_plus_gutenberg_show_text_before_share":"","sfsi_plus_gutenberg_icon_type":"","sfsi_plus_gutenberg_icon_alignemt":"","sfsi_plus_gutenburg_max_per_row":"","footnotes":""},"categories":[11],"tags":[],"class_list":["post-167146","post","type-post","status-publish","format-standard","has-post-thumbnail","hentry","category-politica"],"_links":{"self":[{"href":"https:\/\/www.caririemacao.com\/1\/wp-json\/wp\/v2\/posts\/167146","targetHints":{"allow":["GET"]}}],"collection":[{"href":"https:\/\/www.caririemacao.com\/1\/wp-json\/wp\/v2\/posts"}],"about":[{"href":"https:\/\/www.caririemacao.com\/1\/wp-json\/wp\/v2\/types\/post"}],"author":[{"embeddable":true,"href":"https:\/\/www.caririemacao.com\/1\/wp-json\/wp\/v2\/users\/2"}],"replies":[{"embeddable":true,"href":"https:\/\/www.caririemacao.com\/1\/wp-json\/wp\/v2\/comments?post=167146"}],"version-history":[{"count":1,"href":"https:\/\/www.caririemacao.com\/1\/wp-json\/wp\/v2\/posts\/167146\/revisions"}],"predecessor-version":[{"id":167148,"href":"https:\/\/www.caririemacao.com\/1\/wp-json\/wp\/v2\/posts\/167146\/revisions\/167148"}],"wp:featuredmedia":[{"embeddable":true,"href":"https:\/\/www.caririemacao.com\/1\/wp-json\/wp\/v2\/media\/167147"}],"wp:attachment":[{"href":"https:\/\/www.caririemacao.com\/1\/wp-json\/wp\/v2\/media?parent=167146"}],"wp:term":[{"taxonomy":"category","embeddable":true,"href":"https:\/\/www.caririemacao.com\/1\/wp-json\/wp\/v2\/categories?post=167146"},{"taxonomy":"post_tag","embeddable":true,"href":"https:\/\/www.caririemacao.com\/1\/wp-json\/wp\/v2\/tags?post=167146"}],"curies":[{"name":"wp","href":"https:\/\/api.w.org\/{rel}","templated":true}]}}