{"id":167149,"date":"2020-05-02T08:43:29","date_gmt":"2020-05-02T11:43:29","guid":{"rendered":"https:\/\/www.caririemacao.com\/1\/?p=167149"},"modified":"2020-05-02T08:43:31","modified_gmt":"2020-05-02T11:43:31","slug":"quinta-turma-do-stj-marca-julgamento-de-recurso-de-lula-para-dia-5","status":"publish","type":"post","link":"https:\/\/www.caririemacao.com\/1\/2020\/05\/02\/quinta-turma-do-stj-marca-julgamento-de-recurso-de-lula-para-dia-5\/","title":{"rendered":"Quinta Turma do STJ marca julgamento de recurso de Lula para dia 5"},"content":{"rendered":"\n<h3 class=\"wp-block-heading\"><\/h3>\n\n\n\n<h5 class=\"wp-block-heading\"><\/h5>\n\n\n\n<hr class=\"wp-block-separator\"\/>\n\n\n\n<p><\/p>\n\n\n\n<p>A Quinta Turma do Superior Tribunal de Justi\u00e7a (STJ) deve analisar na sess\u00e3o por videoconfer\u00eancia marcada para 5 de maio os embargos de declara\u00e7\u00e3o apresentados pela defesa do ex-presidente Luiz In\u00e1cio Lula da Silva sobre a possibilidade de modifica\u00e7\u00e3o do regime inicial de cumprimento da pena que foi imposta ao petista no caso do triplex do Guaruj\u00e1 (SP).<\/p>\n\n\n\n<p>Lula foi condenado pela Turma em abril do ano passado por corrup\u00e7\u00e3o passiva e lavagem de dinheiro, e teve sua pena inicial reduzida, de 12 anos e 1 m\u00eas de pris\u00e3o para 8 anos, 10 meses e 20 dias de reclus\u00e3o.<\/p>\n\n\n\n<p>Na mesma sess\u00e3o, ser\u00e3o julgados embargos opostos por outros r\u00e9us da a\u00e7\u00e3o e pelo Minist\u00e9rio P\u00fablico Federal.<a href=\"https:\/\/trc.taboola.com\/wscom-wscom\/log\/3\/click?pi=%2Fquinta-turma-do-stj-marca-julgamento-de-recurso-de-lula-para-dia-5&amp;ri=f4d50395818399e5eaafddae010c612a&amp;sd=v2_5b326b511aa83391be8d230da791d6fb_80e44814-f5c0-4af8-a8c1-56be24db97e2-tuct599f8ec_1588415614_1588419641_CIi3jgYQieNOGOOLwamdLiAGKAMwHzjb1AdA9YcQSIHJuwNQ____________AVgAYA5o_bqLmqK6-5_-AQ&amp;ui=80e44814-f5c0-4af8-a8c1-56be24db97e2-tuct599f8ec&amp;it=photo&amp;ii=~~V1~~242206499203306828~~hXReOSpA8pYNf2hH3a8dICq5Ln90g7RP1CtgSZ85HbkndpXq_nTToVci-tV_1bYyPVPbFHdycXfyr1VxmozLcV7JbGFbjtizQN29Zpin8p1JlawpbYFtoRw_FVSAoDPyJlO7n0AwGvNL6LGRroCKQvJdBYM2yG7X-6WwhrMdKsePboOCMPpBJvc4TQTYtWCjzHAz2-esz_-XA2U1i6pLXlfZbnz0WnPn2thlMRuWPSsr0Q4Yv7nxOJq1yO0Emkxg&amp;pt=text&amp;li=rbox-t2v&amp;sig=0d5d693e213e9bbaa5b71a41150388a84ccf69b458a5&amp;redir=http%3A%2F%2Frfvtgb.xfreehub.com%2Fworldwide%2Frichb-ta-pr%3Futm_medium%3Dtaboola%26utm_source%3Dtaboola%26utm_campaign%3Dta-xf-richb-s-mob-bz-11040d%26utm_term%3Dwscom-wscom%26utm_geo%3Dpr&amp;vi=1588419642851&amp;p=xfreehubmb-us-sc&amp;r=23&amp;lti=deflated&amp;ppb=CPIE&amp;cpb=EhIyMDIwMDQyOC02LVJFTEVBU0UYASCc__________8BKhlhbS50YWJvb2xhc3luZGljYXRpb24uY29tMgh3YXRlcjQ0NziA4KHHCkDb1AdI9YcQUIHJuwNY____________AWMI7Q0QohQYGGRjCNIDEOAGGAhkYwj0BxDmDBgOZA\" rel=\"noreferrer noopener\" target=\"_blank\"><\/a><\/p>\n","protected":false},"excerpt":{"rendered":"<p>A Quinta Turma do Superior Tribunal de Justi\u00e7a (STJ) deve analisar na sess\u00e3o por videoconfer\u00eancia marcada para 5 de maio os embargos de declara\u00e7\u00e3o apresentados&hellip; <\/p>\n","protected":false},"author":2,"featured_media":167150,"comment_status":"closed","ping_status":"closed","sticky":false,"template":"","format":"standard","meta":{"sfsi_plus_gutenberg_text_before_share":"","sfsi_plus_gutenberg_show_text_before_share":"","sfsi_plus_gutenberg_icon_type":"","sfsi_plus_gutenberg_icon_alignemt":"","sfsi_plus_gutenburg_max_per_row":"","footnotes":""},"categories":[2],"tags":[],"class_list":["post-167149","post","type-post","status-publish","format-standard","has-post-thumbnail","hentry","category-geral"],"_links":{"self":[{"href":"https:\/\/www.caririemacao.com\/1\/wp-json\/wp\/v2\/posts\/167149","targetHints":{"allow":["GET"]}}],"collection":[{"href":"https:\/\/www.caririemacao.com\/1\/wp-json\/wp\/v2\/posts"}],"about":[{"href":"https:\/\/www.caririemacao.com\/1\/wp-json\/wp\/v2\/types\/post"}],"author":[{"embeddable":true,"href":"https:\/\/www.caririemacao.com\/1\/wp-json\/wp\/v2\/users\/2"}],"replies":[{"embeddable":true,"href":"https:\/\/www.caririemacao.com\/1\/wp-json\/wp\/v2\/comments?post=167149"}],"version-history":[{"count":1,"href":"https:\/\/www.caririemacao.com\/1\/wp-json\/wp\/v2\/posts\/167149\/revisions"}],"predecessor-version":[{"id":167151,"href":"https:\/\/www.caririemacao.com\/1\/wp-json\/wp\/v2\/posts\/167149\/revisions\/167151"}],"wp:featuredmedia":[{"embeddable":true,"href":"https:\/\/www.caririemacao.com\/1\/wp-json\/wp\/v2\/media\/167150"}],"wp:attachment":[{"href":"https:\/\/www.caririemacao.com\/1\/wp-json\/wp\/v2\/media?parent=167149"}],"wp:term":[{"taxonomy":"category","embeddable":true,"href":"https:\/\/www.caririemacao.com\/1\/wp-json\/wp\/v2\/categories?post=167149"},{"taxonomy":"post_tag","embeddable":true,"href":"https:\/\/www.caririemacao.com\/1\/wp-json\/wp\/v2\/tags?post=167149"}],"curies":[{"name":"wp","href":"https:\/\/api.w.org\/{rel}","templated":true}]}}