{"id":167156,"date":"2020-05-02T09:00:45","date_gmt":"2020-05-02T12:00:45","guid":{"rendered":"https:\/\/www.caririemacao.com\/1\/?p=167156"},"modified":"2020-05-02T09:00:47","modified_gmt":"2020-05-02T12:00:47","slug":"ex-ministro-celso-amorim-diz-que-pela-primeira-vez-sente-vergonha-da-diplomacia-brasileira","status":"publish","type":"post","link":"https:\/\/www.caririemacao.com\/1\/2020\/05\/02\/ex-ministro-celso-amorim-diz-que-pela-primeira-vez-sente-vergonha-da-diplomacia-brasileira\/","title":{"rendered":"Ex-ministro Celso Amorim diz que pela primeira vez sente vergonha da diplomacia brasileira"},"content":{"rendered":"\n<hr class=\"wp-block-separator\"\/>\n\n\n\n<p>O ex-ministro da Defesa Celso Amorim disse em entrevista ao Brasil 247 que sente vergonha da pol\u00edtica externa do governo Jair Bolsonaro, conduzida pelo ministro das Rela\u00e7\u00f5es Exteriores, Ernesto Ara\u00fajo. Para efeito de compara\u00e7\u00e3o, Amorim contou que mesmo discordando dos fatores internos da ditadura militar, n\u00e3o ficava envergonhado pela diplomacia praticada pelo regime.<\/p>\n\n\n\n<p>O ex-ministro falou que os governos militares brasileiros, em sua maioria, n\u00e3o eram submissos aos interesses norte-americanos, como \u00e9 o de Bolsonaro. \u201cEm certos momentos na ditadura, como diplomata brasileiro no exterior, eu me envergonhei do Brasil, do que estava acontecendo, mas n\u00e3o cheguei a me envergonhar da diplomacia, eu discordava. Em termos estritamente de pol\u00edtica externa, salvo o primeiro governo, do Castelo Branco, ele logo foi tomando posi\u00e7\u00f5es que n\u00e3o eram as posi\u00e7\u00f5es mais reacion\u00e1rias. O governo Costa e Silva o Brasil, por exemplo, deixou de assinar o tratado de n\u00e3o prolifera\u00e7\u00e3o nuclear. No governo M\u00e9dici, que foi o pior do ponto de vista da ditadura, internamente, foi estabelecido o mar de 200 milhas, que contrariava a posi\u00e7\u00e3o norte-americana. No governo Geisel j\u00e1 foi o reconhecimento da China, o estabelecimento do escrit\u00f3rio da OLP e o reconhecimento de Angola, com um governo marxista em plena Guerra Fria. Foi uma atitude corajosa. Enfim, isso mais ou menos seguiu em outros governos. Com variantes, sempre houve uma dec\u00eancia\u201d.<\/p>\n\n\n\n<p>Celso Amorim disse tamb\u00e9m que em reuni\u00f5es da Organiza\u00e7\u00e3o das Na\u00e7\u00f5es Unidas (ONU) e da Organiza\u00e7\u00e3o Mundial do Com\u00e9rcio (OMS), enquanto embaixador do ex-presidente Fernando Henrique Cardoso, tamb\u00e9m n\u00e3o se sentia envergonhado, ainda que discordasse de alguns aspectos da diplomacia de FHC. \u201cEu fui embaixador do Fernando Henrique, eu discordava de muita coisa, mas na ONU, na OMS, eu n\u00e3o me envergonhava. Em certas ocasi\u00f5es eu ficava meio chateado porque as instru\u00e7\u00f5es diziam \u2018vai devagar\u2019, mas olha, na ONU eu presidi tr\u00eas comiss\u00f5es sobre o Iraque que eram muito de independ\u00eancia, os americanos n\u00e3o gostavam. Enfim, eu n\u00e3o me envergonhava, conseguia fazer o meu trabalho. A mesma coisa na OMS\u201d.<\/p>\n\n\n\n<p>Celso Amorim classificou o atual chanceler, Ernesto Ara\u00fajo, como \u201cmed\u00edocre\u201d. \u201c\u00c9 uma coisa que n\u00e3o tem limites, ultrapassa qualquer capacidade de imaginar. O Ernesto Ara\u00fajo sempre foi um diplomata med\u00edocre, nunca se destacou, nunca teve nenhuma grande proje\u00e7\u00e3o. Para se manter, para continuar, ele n\u00e3o s\u00f3 precisa fazer coisas ruins e m\u00e1s, como essa da&nbsp;Venezuela, mas precisa tamb\u00e9m de vez em quando dizer as coisas mais estapaf\u00fardias para chamar aten\u00e7\u00e3o\u201d.<\/p>\n","protected":false},"excerpt":{"rendered":"<p>O ex-ministro da Defesa Celso Amorim disse em entrevista ao Brasil 247 que sente vergonha da pol\u00edtica externa do governo Jair Bolsonaro, conduzida pelo ministro&hellip; <\/p>\n","protected":false},"author":2,"featured_media":167157,"comment_status":"closed","ping_status":"closed","sticky":false,"template":"","format":"standard","meta":{"sfsi_plus_gutenberg_text_before_share":"","sfsi_plus_gutenberg_show_text_before_share":"","sfsi_plus_gutenberg_icon_type":"","sfsi_plus_gutenberg_icon_alignemt":"","sfsi_plus_gutenburg_max_per_row":"","footnotes":""},"categories":[2],"tags":[],"class_list":["post-167156","post","type-post","status-publish","format-standard","has-post-thumbnail","hentry","category-geral"],"_links":{"self":[{"href":"https:\/\/www.caririemacao.com\/1\/wp-json\/wp\/v2\/posts\/167156","targetHints":{"allow":["GET"]}}],"collection":[{"href":"https:\/\/www.caririemacao.com\/1\/wp-json\/wp\/v2\/posts"}],"about":[{"href":"https:\/\/www.caririemacao.com\/1\/wp-json\/wp\/v2\/types\/post"}],"author":[{"embeddable":true,"href":"https:\/\/www.caririemacao.com\/1\/wp-json\/wp\/v2\/users\/2"}],"replies":[{"embeddable":true,"href":"https:\/\/www.caririemacao.com\/1\/wp-json\/wp\/v2\/comments?post=167156"}],"version-history":[{"count":1,"href":"https:\/\/www.caririemacao.com\/1\/wp-json\/wp\/v2\/posts\/167156\/revisions"}],"predecessor-version":[{"id":167158,"href":"https:\/\/www.caririemacao.com\/1\/wp-json\/wp\/v2\/posts\/167156\/revisions\/167158"}],"wp:featuredmedia":[{"embeddable":true,"href":"https:\/\/www.caririemacao.com\/1\/wp-json\/wp\/v2\/media\/167157"}],"wp:attachment":[{"href":"https:\/\/www.caririemacao.com\/1\/wp-json\/wp\/v2\/media?parent=167156"}],"wp:term":[{"taxonomy":"category","embeddable":true,"href":"https:\/\/www.caririemacao.com\/1\/wp-json\/wp\/v2\/categories?post=167156"},{"taxonomy":"post_tag","embeddable":true,"href":"https:\/\/www.caririemacao.com\/1\/wp-json\/wp\/v2\/tags?post=167156"}],"curies":[{"name":"wp","href":"https:\/\/api.w.org\/{rel}","templated":true}]}}