{"id":167160,"date":"2020-05-02T09:05:48","date_gmt":"2020-05-02T12:05:48","guid":{"rendered":"https:\/\/www.caririemacao.com\/1\/?p=167160"},"modified":"2020-05-02T09:05:51","modified_gmt":"2020-05-02T12:05:51","slug":"futuro-presidente-do-tse-ministro-roberto-barroso-ve-risco-real-de-adiamento-das-eleicoes-deste-ano","status":"publish","type":"post","link":"https:\/\/www.caririemacao.com\/1\/2020\/05\/02\/futuro-presidente-do-tse-ministro-roberto-barroso-ve-risco-real-de-adiamento-das-eleicoes-deste-ano\/","title":{"rendered":"Futuro presidente do TSE, ministro Roberto Barroso v\u00ea \u2018risco real\u2019 de adiamento das elei\u00e7\u00f5es deste ano"},"content":{"rendered":"\n<h3 class=\"wp-block-heading\"><\/h3>\n\n\n\n<hr class=\"wp-block-separator\"\/>\n\n\n\n<p>O ministro&nbsp;Lu\u00eds Roberto Barroso, futuro presidente do&nbsp;Tribunal Superior Eleitoral (TSE), afirmou nesta sexta-feira (1\u00ba) que h\u00e1 um \u201crisco real\u201d de que as elei\u00e7\u00f5es municipais de outubro, para escolha de novos prefeitos e vereadores, sejam adiadas em raz\u00e3o da pandemia do&nbsp;novo coronav\u00edrus.<\/p>\n\n\n\n<p>O primeiro turno das&nbsp;elei\u00e7\u00f5es municipais&nbsp;est\u00e1 marcado para 4 de outubro. Nas cidades em que houver segundo turno \u2013 somente podem ter segundo turno munic\u00edpios com mais de 200 mil eleitores \u2013, a data prevista \u00e9 25 de outubro. A mudan\u00e7a da data das elei\u00e7\u00f5es depende do Congresso.<\/p>\n\n\n\n<p>\u201cPor minha vontade, nada seria modificado porque as elei\u00e7\u00f5es s\u00e3o um rito vital para a democracia. Portanto, o ideal seria n\u00f3s podermos realizar as elei\u00e7\u00f5es. Por\u00e9m, h\u00e1 um risco real, e, a esta altura, indisfar\u00e7\u00e1vel, de que se possa vir a ter que adi\u00e1-las\u201d, afirmou o ministro em transmiss\u00e3o ao vivo em uma rede social promovida pela Associa\u00e7\u00e3o dos Magistrados Brasileiros (AMB).<\/p>\n\n\n\n<p>Segundo o&nbsp;ministro, que suceder\u00e1 a ministra Rosa Weber no final de maio&nbsp;na presid\u00eancia do TSE, se n\u00e3o houver condi\u00e7\u00f5es para realizar as elei\u00e7\u00f5es em outubro, o pleito, na avalia\u00e7\u00e3o dele, teria de ser feito \u201cem poucas semanas, ou no m\u00e1ximo em dezembro, para n\u00e3o haver risco de se ter que prorrogar mandatos\u201d.<\/p>\n\n\n\n<p>Barroso se disse ainda contr\u00e1rio \u00e0 hip\u00f3tese de se fazer a elei\u00e7\u00e3o municipal junto com a elei\u00e7\u00e3o nacional, em 2022, o que exigiria a prorroga\u00e7\u00e3o por dois anos dos mandatos dos atuais prefeitos e vereadores.<\/p>\n\n\n\n<p>\u201cSou totalmente contra essa possibilidade. A democracia \u00e9 feita de elei\u00e7\u00f5es peri\u00f3dicas e altern\u00e2ncia no poder\u201d, afirmou. \u201cOs prefeitos e vereadores que est\u00e3o em exerc\u00edcio neste momento foram eleitos para quatro anos.\u201d<\/p>\n\n\n\n<p>Para o ministro, o excesso de nomes para vota\u00e7\u00e3o tamb\u00e9m comprometeria a qualidade do voto, para se fazer uma \u201cescolha consciente\u201d.<a href=\"https:\/\/trc.taboola.com\/wscom-wscom\/log\/3\/click?pi=%2Ffuturo-presidente-do-tse-ministro-roberto-barroso-ve-risco-real-de-adiamento-das-eleicoes-deste-ano&amp;ri=aa58b7b95cb01ed8ad2859700c156a32&amp;sd=v2_5b326b511aa83391be8d230da791d6fb_80e44814-f5c0-4af8-a8c1-56be24db97e2-tuct599f8ec_1588415614_1588420978_CIi3jgYQieNOGPbgkqqdLiAJKAMwHzjb1AdA9YcQSIHJuwNQ____________AVgAYA5o_bqLmqK6-5_-AQ&amp;ui=80e44814-f5c0-4af8-a8c1-56be24db97e2-tuct599f8ec&amp;it=photo&amp;ii=~~V1~~-2581493671244826992~~AIxMZC3U4MWqtYh89RY_-dfJdfcx3KARLNYsItAmAdHTxvAnL2wqac4MyzR7uD46gj3kUkbS3FhelBtnsiJV6MhkDZRZzzIqDobN6rWmCPAPvrsmT1YKNl1WiTN0S5YOA5U1MwKXuumdAQwMsbRyZXvvCGfTUC14SrmHxU_Y3fymFAbD9Hc0G27MzT3_ooW9RdbgwlJdnqyroTPEQNNEnwBHgcaDSKrkJRz1R1mSsaY&amp;pt=text&amp;li=rbox-t2v&amp;sig=d1d9f70df78cc30d0f09d367fa91e74587b6f3c0d173&amp;redir=http%3A%2F%2Frfvtgb.doithouses.com%2Fworldwide%2Ffatco-ta-pr%3Futm_medium%3Dtaboola%26utm_source%3Dtaboola%26utm_campaign%3Dta-dh-fat-co-pr-mob-bz-06040%26utm_term%3Dwscom-wscom%26utm_geo%3Dpr&amp;vi=1588420980854&amp;p=doithousesmb-us-sc&amp;r=36&amp;lti=deflated&amp;ppb=CJ8E&amp;cpb=EhIyMDIwMDQyOC02LVJFTEVBU0UYASCc__________8BKhl1cy50YWJvb2xhc3luZGljYXRpb24uY29tMgh3YXRlcjE2NTiA4KHHCkDb1AdI9YcQUIHJuwNY____________AWMI7Q0QohQYGGRjCNIDEOAGGAhkYwj0BxDmDBgOZA\" rel=\"noreferrer noopener\" target=\"_blank\"><\/a><\/p>\n","protected":false},"excerpt":{"rendered":"<p>O ministro&nbsp;Lu\u00eds Roberto Barroso, futuro presidente do&nbsp;Tribunal Superior Eleitoral (TSE), afirmou nesta sexta-feira (1\u00ba) que h\u00e1 um \u201crisco real\u201d de que as elei\u00e7\u00f5es municipais de&hellip; <\/p>\n","protected":false},"author":2,"featured_media":167161,"comment_status":"closed","ping_status":"closed","sticky":false,"template":"","format":"standard","meta":{"sfsi_plus_gutenberg_text_before_share":"","sfsi_plus_gutenberg_show_text_before_share":"","sfsi_plus_gutenberg_icon_type":"","sfsi_plus_gutenberg_icon_alignemt":"","sfsi_plus_gutenburg_max_per_row":"","footnotes":""},"categories":[2],"tags":[],"class_list":["post-167160","post","type-post","status-publish","format-standard","has-post-thumbnail","hentry","category-geral"],"_links":{"self":[{"href":"https:\/\/www.caririemacao.com\/1\/wp-json\/wp\/v2\/posts\/167160","targetHints":{"allow":["GET"]}}],"collection":[{"href":"https:\/\/www.caririemacao.com\/1\/wp-json\/wp\/v2\/posts"}],"about":[{"href":"https:\/\/www.caririemacao.com\/1\/wp-json\/wp\/v2\/types\/post"}],"author":[{"embeddable":true,"href":"https:\/\/www.caririemacao.com\/1\/wp-json\/wp\/v2\/users\/2"}],"replies":[{"embeddable":true,"href":"https:\/\/www.caririemacao.com\/1\/wp-json\/wp\/v2\/comments?post=167160"}],"version-history":[{"count":1,"href":"https:\/\/www.caririemacao.com\/1\/wp-json\/wp\/v2\/posts\/167160\/revisions"}],"predecessor-version":[{"id":167162,"href":"https:\/\/www.caririemacao.com\/1\/wp-json\/wp\/v2\/posts\/167160\/revisions\/167162"}],"wp:featuredmedia":[{"embeddable":true,"href":"https:\/\/www.caririemacao.com\/1\/wp-json\/wp\/v2\/media\/167161"}],"wp:attachment":[{"href":"https:\/\/www.caririemacao.com\/1\/wp-json\/wp\/v2\/media?parent=167160"}],"wp:term":[{"taxonomy":"category","embeddable":true,"href":"https:\/\/www.caririemacao.com\/1\/wp-json\/wp\/v2\/categories?post=167160"},{"taxonomy":"post_tag","embeddable":true,"href":"https:\/\/www.caririemacao.com\/1\/wp-json\/wp\/v2\/tags?post=167160"}],"curies":[{"name":"wp","href":"https:\/\/api.w.org\/{rel}","templated":true}]}}