{"id":167167,"date":"2020-05-02T09:37:19","date_gmt":"2020-05-02T12:37:19","guid":{"rendered":"https:\/\/www.caririemacao.com\/1\/?p=167167"},"modified":"2020-05-02T09:37:21","modified_gmt":"2020-05-02T12:37:21","slug":"motorista-e-preso-em-sume-por-dirigir-embriagado-sem-cnh-e-fazer-manobra-perigosa","status":"publish","type":"post","link":"https:\/\/www.caririemacao.com\/1\/2020\/05\/02\/motorista-e-preso-em-sume-por-dirigir-embriagado-sem-cnh-e-fazer-manobra-perigosa\/","title":{"rendered":"Motorista \u00e9 preso em Sum\u00e9 por dirigir embriagado, sem CNH e fazer manobra perigosa"},"content":{"rendered":"\n<p>Por volta de 0 hora deste s\u00e1bado (2), um condutor de 21 anos, a bordo de um Fiat Dobl\u00f4, cor verde, ano 2002, placas KLN6C11\/PB, foi preso no in\u00edcio da madrugada deste s\u00e1bado (2), na cidade de Sum\u00e9 por dirigir embriagado, sem habilita\u00e7\u00e3o e fazer uma manobra perigosa.<\/p>\n\n\n\n<p>Relata a Pol\u00edcia Militar (PM), que o motorista quase colidiu frontalmente com a viatura, ao qual conseguiu evitar a colis\u00e3o em uma manobra evasiva.<\/p>\n\n\n\n<p>Foi dado in\u00edcio a um acompanhamento t\u00e1tico, onde a pol\u00edcia deu diversas ordens de parada por sinais sonoros, visuais e gestos.<\/p>\n\n\n\n<p>A guarni\u00e7\u00e3o conseguiu parar o ve\u00edculo e, ao fazer a busca pessoal e veicular, foi observado ind\u00edcios de embriaguez do motorista, que tamb\u00e9m n\u00e3o \u00e9 habilitado.<\/p>\n\n\n\n<p>O condutor foi encaminhado para a Delegacia de Pol\u00edcia Civil (PC) para os procedimentos administrativos de tr\u00e2nsito, sendo lavrado o Termo de Constata\u00e7\u00e3o da Embriaguez e, ainda, 07 AITs.<\/p>\n\n\n\n<p>Na DP de Monteiro, foram realizados os procedimentos pr\u00f3prios da Pol\u00edcia Judici\u00e1ria.<\/p>\n\n\n\n<p><em>Heleno Lima<\/em><\/p>\n","protected":false},"excerpt":{"rendered":"<p>Por volta de 0 hora deste s\u00e1bado (2), um condutor de 21 anos, a bordo de um Fiat Dobl\u00f4, cor verde, ano 2002, placas KLN6C11\/PB,&hellip; <\/p>\n","protected":false},"author":2,"featured_media":167169,"comment_status":"closed","ping_status":"closed","sticky":false,"template":"","format":"standard","meta":{"sfsi_plus_gutenberg_text_before_share":"","sfsi_plus_gutenberg_show_text_before_share":"","sfsi_plus_gutenberg_icon_type":"","sfsi_plus_gutenberg_icon_alignemt":"","sfsi_plus_gutenburg_max_per_row":"","footnotes":""},"categories":[50,12],"tags":[],"class_list":["post-167167","post","type-post","status-publish","format-standard","has-post-thumbnail","hentry","category-destaque","category-policia"],"_links":{"self":[{"href":"https:\/\/www.caririemacao.com\/1\/wp-json\/wp\/v2\/posts\/167167","targetHints":{"allow":["GET"]}}],"collection":[{"href":"https:\/\/www.caririemacao.com\/1\/wp-json\/wp\/v2\/posts"}],"about":[{"href":"https:\/\/www.caririemacao.com\/1\/wp-json\/wp\/v2\/types\/post"}],"author":[{"embeddable":true,"href":"https:\/\/www.caririemacao.com\/1\/wp-json\/wp\/v2\/users\/2"}],"replies":[{"embeddable":true,"href":"https:\/\/www.caririemacao.com\/1\/wp-json\/wp\/v2\/comments?post=167167"}],"version-history":[{"count":2,"href":"https:\/\/www.caririemacao.com\/1\/wp-json\/wp\/v2\/posts\/167167\/revisions"}],"predecessor-version":[{"id":167170,"href":"https:\/\/www.caririemacao.com\/1\/wp-json\/wp\/v2\/posts\/167167\/revisions\/167170"}],"wp:featuredmedia":[{"embeddable":true,"href":"https:\/\/www.caririemacao.com\/1\/wp-json\/wp\/v2\/media\/167169"}],"wp:attachment":[{"href":"https:\/\/www.caririemacao.com\/1\/wp-json\/wp\/v2\/media?parent=167167"}],"wp:term":[{"taxonomy":"category","embeddable":true,"href":"https:\/\/www.caririemacao.com\/1\/wp-json\/wp\/v2\/categories?post=167167"},{"taxonomy":"post_tag","embeddable":true,"href":"https:\/\/www.caririemacao.com\/1\/wp-json\/wp\/v2\/tags?post=167167"}],"curies":[{"name":"wp","href":"https:\/\/api.w.org\/{rel}","templated":true}]}}