{"id":167176,"date":"2020-05-02T13:45:38","date_gmt":"2020-05-02T16:45:38","guid":{"rendered":"https:\/\/www.caririemacao.com\/1\/?p=167176"},"modified":"2020-05-02T20:38:38","modified_gmt":"2020-05-02T23:38:38","slug":"prefeito-junior-nobrega-concede-entrevista-ao-programa-cariri-acao","status":"publish","type":"post","link":"https:\/\/www.caririemacao.com\/1\/2020\/05\/02\/prefeito-junior-nobrega-concede-entrevista-ao-programa-cariri-acao\/","title":{"rendered":"Em entrevista ao Cariri em A\u00e7\u00e3o, prefeito J\u00fanior fala sobre gest\u00e3o e destino pol\u00edtico na Prata"},"content":{"rendered":"\n<p>O prefeito da cidade de Prata, J\u00fanior N\u00f3brega, esteve na manh\u00e3 deste s\u00e1bado (2), participando do Programa Cariri em A\u00e7\u00e3o, apresentado pelo radialista Marivaldo Alc\u00e2ntara, transmitido pela redes sociais do Cariri em A\u00e7\u00e3o e retransmitido pelas emissoras de r\u00e1dios Cidade FM de Sum\u00e9 e  Ouro Velho FM.<\/p>\n\n\n\n<figure class=\"wp-block-image size-large\"><img fetchpriority=\"high\" decoding=\"async\" width=\"1024\" height=\"683\" src=\"https:\/\/www.caririemacao.com\/1\/wp-content\/uploads\/2020\/05\/DSC_1248-1024x683.jpg\" alt=\"\" class=\"wp-image-167188\" srcset=\"https:\/\/www.caririemacao.com\/1\/wp-content\/uploads\/2020\/05\/DSC_1248-1024x683.jpg 1024w, https:\/\/www.caririemacao.com\/1\/wp-content\/uploads\/2020\/05\/DSC_1248-300x200.jpg 300w, https:\/\/www.caririemacao.com\/1\/wp-content\/uploads\/2020\/05\/DSC_1248-768x512.jpg 768w, https:\/\/www.caririemacao.com\/1\/wp-content\/uploads\/2020\/05\/DSC_1248-1536x1024.jpg 1536w, https:\/\/www.caririemacao.com\/1\/wp-content\/uploads\/2020\/05\/DSC_1248-2048x1365.jpg 2048w\" sizes=\"(max-width: 1024px) 100vw, 1024px\" \/><\/figure>\n\n\n\n<p>Na oportunidade, o prefeito J\u00fanior N\u00f3brega comentou sobre como est\u00e1 sendo o trabalho para  manter o combate a pandemia do novo coronavirus na cidade de Prata. O Prefeito deixou claro que todas as medidas est\u00e3o sendo tomadas para a preven\u00e7\u00e3o e seguran\u00e7a da popula\u00e7\u00e3o. <\/p>\n\n\n\n<p>O prefeito ainda comentou sobre suposto atraso do sal\u00e1rio dos servidores, divulgado em um site da regi\u00e3o. De acordo com o prefeito os sal\u00e1rios dos servidores est\u00e3o sendo pagos em dia, mesmo diante da crise que vem afetando o pa\u00eds, e consequentemente, os munic\u00edpios. <\/p>\n\n\n\n<p>Em rela\u00e7\u00e3o ao cen\u00e1rio politico, o prefeito fez refer\u00eancia aos excelentes n\u00fameros que aprovam sua gest\u00e3o, credenciando o grupo a dar continuidade a este projeto implantado no munic\u00edpio h\u00e1 80 meses. Ele aproveitou para agradecer a popula\u00e7\u00e3o pelos excelentes n\u00fameros positivos dados a sua gest\u00e3o. <\/p>\n\n\n\n<p>Ao ser perguntado sobre o ex-secret\u00e1rio Genivaldo Temb\u00f3rio, se ele teria condi\u00e7\u00f5es de seguir este projeto, o prefeito foi bem categ\u00f3rico ao fazer altos elogios a Genivaldo dizendo que ele tem todas as condi\u00e7\u00f5es de comandar o municjpio. <\/p>\n","protected":false},"excerpt":{"rendered":"<p>O prefeito da cidade de Prata, J\u00fanior N\u00f3brega, esteve na manh\u00e3 deste s\u00e1bado (2), participando do Programa Cariri em A\u00e7\u00e3o, apresentado pelo radialista Marivaldo Alc\u00e2ntara,&hellip; <\/p>\n","protected":false},"author":1,"featured_media":167184,"comment_status":"closed","ping_status":"closed","sticky":false,"template":"","format":"standard","meta":{"sfsi_plus_gutenberg_text_before_share":"","sfsi_plus_gutenberg_show_text_before_share":"","sfsi_plus_gutenberg_icon_type":"","sfsi_plus_gutenberg_icon_alignemt":"","sfsi_plus_gutenburg_max_per_row":"","footnotes":""},"categories":[6,50],"tags":[],"class_list":["post-167176","post","type-post","status-publish","format-standard","has-post-thumbnail","hentry","category-cidades","category-destaque"],"_links":{"self":[{"href":"https:\/\/www.caririemacao.com\/1\/wp-json\/wp\/v2\/posts\/167176","targetHints":{"allow":["GET"]}}],"collection":[{"href":"https:\/\/www.caririemacao.com\/1\/wp-json\/wp\/v2\/posts"}],"about":[{"href":"https:\/\/www.caririemacao.com\/1\/wp-json\/wp\/v2\/types\/post"}],"author":[{"embeddable":true,"href":"https:\/\/www.caririemacao.com\/1\/wp-json\/wp\/v2\/users\/1"}],"replies":[{"embeddable":true,"href":"https:\/\/www.caririemacao.com\/1\/wp-json\/wp\/v2\/comments?post=167176"}],"version-history":[{"count":7,"href":"https:\/\/www.caririemacao.com\/1\/wp-json\/wp\/v2\/posts\/167176\/revisions"}],"predecessor-version":[{"id":167216,"href":"https:\/\/www.caririemacao.com\/1\/wp-json\/wp\/v2\/posts\/167176\/revisions\/167216"}],"wp:featuredmedia":[{"embeddable":true,"href":"https:\/\/www.caririemacao.com\/1\/wp-json\/wp\/v2\/media\/167184"}],"wp:attachment":[{"href":"https:\/\/www.caririemacao.com\/1\/wp-json\/wp\/v2\/media?parent=167176"}],"wp:term":[{"taxonomy":"category","embeddable":true,"href":"https:\/\/www.caririemacao.com\/1\/wp-json\/wp\/v2\/categories?post=167176"},{"taxonomy":"post_tag","embeddable":true,"href":"https:\/\/www.caririemacao.com\/1\/wp-json\/wp\/v2\/tags?post=167176"}],"curies":[{"name":"wp","href":"https:\/\/api.w.org\/{rel}","templated":true}]}}