{"id":167180,"date":"2020-05-02T13:38:37","date_gmt":"2020-05-02T16:38:37","guid":{"rendered":"https:\/\/www.caririemacao.com\/1\/?p=167180"},"modified":"2020-05-02T13:38:39","modified_gmt":"2020-05-02T16:38:39","slug":"imunidade-ao-novo-coronavirus-ainda-e-pouco-compreendida","status":"publish","type":"post","link":"https:\/\/www.caririemacao.com\/1\/2020\/05\/02\/imunidade-ao-novo-coronavirus-ainda-e-pouco-compreendida\/","title":{"rendered":"Imunidade ao novo Coronav\u00edrus ainda \u00e9 pouco compreendida"},"content":{"rendered":"\n<p>Por enquanto, as tentativas de entender como ficam as defesas do organismo nas pessoas que j\u00e1 se recuperaram da Covid-19 trouxeram mais perguntas do que respostas.<\/p>\n\n\n\n<p>N\u00e3o est\u00e1 claro nem mesmo se todas as pessoas que sobreviveram ao coronav\u00edrus Sars-CoV-2 carregam anticorpos para neutraliz\u00e1-lo. Mesmo entre aqueles que t\u00eam tais anticorpos, n\u00e3o se sabe quanto tempo a prote\u00e7\u00e3o vai durar.<\/p>\n\n\n\n<p>Boa parte dessa incerteza pode ser explicada pelo prisma da teoria da evolu\u00e7\u00e3o. Embora outros tipos de coronav\u00edrus costumem causar formas comuns e brandas de resfriado, o Sars-CoV-2 n\u00e3o tinha nenhum hist\u00f3rico de conviv\u00eancia com a esp\u00e9cie humana, j\u00e1 que acabou de invadir a popula\u00e7\u00e3o global do Homo sapiens vindo de outro hospedeiro.<\/p>\n\n\n\n<p>Isso significa que nenhum ser humano contava com defesas naturais espec\u00edficas contra o v\u00edrus quando ele come\u00e7ou a infectar pessoas na China, no fim de 2019. \u201c\u00c9 muito improv\u00e1vel que infec\u00e7\u00f5es anteriores causadas pelos outros coronav\u00edrus mais comuns confiram algum tipo de prote\u00e7\u00e3o. Eles pertencem a grupos t\u00e3o distantes do Sars-CoV-2 que dificilmente isso aconteceria\u201d, explica Fernando<br>Spilki, presidente da Sociedade Brasileira de Virologia e professor da Universidade Feevale (RS).<\/p>\n\n\n\n<p>Tamb\u00e9m \u00e9 preciso levar em conta que a maioria dos casos produz sintomas relativamente leves e recupera\u00e7\u00e3o sem complica\u00e7\u00f5es. Isso significa que, mesmo antes de conseguir produzir anticorpos -coisa que s\u00f3 acontece alguns dias ap\u00f3s o in\u00edcio da doen\u00e7a-, o organismo de muitos consegue come\u00e7ar o contra-ataque ao v\u00edrus por outros meios.<\/p>\n\n\n\n<p>Tal rea\u00e7\u00e3o \u00e9 poss\u00edvel porque as c\u00e9lulas contam com um sistema gen\u00e9rico de reconhecimento dos invasores virais. Um elemento desse sistema \u00e9 a detec\u00e7\u00e3o de RNA (mol\u00e9cula \u201cprima\u201d do DNA que forma o material gen\u00e9tico de v\u00edrus como Sars-CoV-2) com fita dupla, conta R\u00f4mulo Le\u00e3o Silva Neris, pesquisador visitante da Universidade da Calif\u00f3rnia em Davis.<\/p>\n\n\n\n<p>Em c\u00e9lulas como as humanas, o normal \u00e9 que o RNA tenha apenas fita simples. Flagrada essa esquisitice molecular, a c\u00e9lula come\u00e7a a recrutar mol\u00e9culas para barrar a replica\u00e7\u00e3o (reprodu\u00e7\u00e3o) do v\u00edrus.<\/p>\n\n\n\n<p>Conforme os dias de doen\u00e7a v\u00e3o passando, o organismo enfim produz anticorpos espec\u00edficos contra o v\u00edrus -em geral, dois tipos das chamadas imunoglobulinas, designadas com as siglas IgM e IgG.<img decoding=\"async\" data-src=\"https:\/\/paraibaonline.com.br\/wp-content\/uploads\/2020\/03\/mascara_coronavirus_galeao_abr_29022000121-567x378.jpg\" alt=\"Foto: Fernando Fraz\u00e3o\/Ag\u00eancia Brasil\" data-srcset=\"https:\/\/paraibaonline.com.br\/wp-content\/uploads\/2020\/03\/mascara_coronavirus_galeao_abr_29022000121-567x378.jpg 567w, https:\/\/paraibaonline.com.br\/wp-content\/uploads\/2020\/03\/mascara_coronavirus_galeao_abr_29022000121.jpg 770w\" src=\"data:image\/svg+xml;base64,PHN2ZyB3aWR0aD0iMSIgaGVpZ2h0PSIxIiB4bWxucz0iaHR0cDovL3d3dy53My5vcmcvMjAwMC9zdmciPjwvc3ZnPg==\" class=\"lazyload\" style=\"--smush-placeholder-width: 567px; --smush-placeholder-aspect-ratio: 567\/378;\"><\/p>\n\n\n\n<p>Foto: Fernando Fraz\u00e3o\/Ag\u00eancia Brasil<\/p>\n\n\n\n<p>Quando a infec\u00e7\u00e3o \u00e9 debelada, o \u201cconhecimento\u201d sobre como produzir os anticorpos IgG, os mais duradouros, fica armazenada nas chamadas c\u00e9lulas B de mem\u00f3ria. Ao entrar em contato com o v\u00edrus de novo no futuro, essas c\u00e9lulas podem desencadear a produ\u00e7\u00e3o de anticorpos, vencendo rapidamente o problema.<\/p>\n\n\n\n<p>Dois detalhes bagun\u00e7am esse cen\u00e1rio relativamente simples no caso do Sars-CoV-2. \u201cAlguns estudos mostraram que entre 20% e 30% dos doentes que se recuperaram n\u00e3o apresentam n\u00edveis detect\u00e1veis de anticorpos\u201d, diz Neris.<\/p>\n\n\n\n<p>De quebra, o que se sabe sobre outros coronav\u00edrus sugere que esse subgrupo viral \u00e9 pouco imunog\u00eanico, ou seja, n\u00e3o produz uma resposta t\u00e3o robusta do sistema de defesa do organismo quanto outros invasores, lembra Spilki.<\/p>\n\n\n\n<p>Em geral, os coronav\u00edrus causadores de resfriados comuns geram imunidade transit\u00f3ria, que se esvai num prazo de cerca de um ano.<\/p>\n\n\n\n<p>Outra possibilidade \u00e9 que as pessoas que se recuperam da Covid-19 produzam anticorpos, mas que alguns testes tenham sido feitos ap\u00f3s a recupera\u00e7\u00e3o. Nesse caso, os n\u00edveis dessas mol\u00e9culas estariam muito baixos no organismo e, portanto, mais dif\u00edceis de detectar, opina Nayara Pereira, mestranda em imunologia do Instituto de Ci\u00eancias Biom\u00e9dicas da USP e membro da iniciativa online Covid Verificado, que checa informa\u00e7\u00f5es cient\u00edficas sobre a pandemia.<\/p>\n\n\n\n<p>Al\u00e9m das d\u00favidas sobre como o v\u00edrus interage com o sistema imunol\u00f3gico, ainda h\u00e1 incerteza sobre a propor\u00e7\u00e3o de pessoas cujo organismo teve contato com o Sars-CoV-2.<\/p>\n\n\n\n<p>Por ora, o \u00fanico consenso \u00e9 que, mesmo nos lugares mais afetados pela pandemia, a popula\u00e7\u00e3o ainda est\u00e1 muito longe de atingir o que se costuma chamar de imunidade de rebanho -cen\u00e1rio no qual a porcentagem de pessoas que j\u00e1 foram infectadas e se curaram \u00e9 elevada o suficiente para que sirvam de \u201cescudo\u201d das que ainda n\u00e3o tiveram a doen\u00e7a.<\/p>\n\n\n\n<p>Os resultados preliminares de testes de anticorpos variam, e muitos n\u00e3o foram publicados oficialmente em peri\u00f3dicos cient\u00edficos, o que pode diminuir sua confiabilidade.<\/p>\n\n\n\n<p>Al\u00e9m disso, os dados divulgados at\u00e9 agora foram obtidos em escala local, e n\u00e3o nacional, e nem sempre dizem respeito a uma amostra de pessoas que seja representativa da popula\u00e7\u00e3o em geral.<\/p>\n\n\n\n<p>O n\u00famero mais alto at\u00e9 agora veio de Chelsea, sub\u00farbio de Boston (EUA), onde m\u00e9dicos do Hospital Geral de Massachusetts identificaram anticorpos contra Sars-CoV-2 em 31,5% de 200 passantes que doaram sangue em uma esquina.<\/p>\n\n\n\n<p>Uma cidade de 12 mil habitantes na Alemanha, na qual 500 foram testados, teria revelado uma preval\u00eancia de anticorpos em 14% da popula\u00e7\u00e3o, enquanto outros lugares da Europa e dos EUA t\u00eam n\u00fameros que v\u00e3o de 1% a 4%.<\/p>\n\n\n\n<p>J\u00e1 o \u00fanico estudo amplo realizado no Brasil at\u00e9 agora, coordenado por pesquisadores da Universidade Federal de Pelotas (RS), estimou que apenas 0,13% da popula\u00e7\u00e3o ga\u00facha teria desenvolvido anticorpos contra o v\u00edrus.<\/p>\n\n\n\n<p>Em testes como esses, \u00e9 sempre necess\u00e1rio levar em conta os n\u00edveis de sensibilidade e especificidade. Um teste muito espec\u00edfico \u00e9 o que raramente produz falsos positivos (ou seja, identifica a presen\u00e7a da infec\u00e7\u00e3o quando, na verdade, ela n\u00e3o ocorreu); j\u00e1 testes muito sens\u00edveis produzem poucos falsos negativos (ou seja, raramente apontam que algu\u00e9m que teve a infec\u00e7\u00e3o na verdade n\u00e3o a teve).<\/p>\n\n\n\n<p>De qualquer modo, outro ponto acerca do qual os cientistas concordam \u00e9 que n\u00e3o existe nenhuma f\u00f3rmula m\u00e1gica para \u201caumentar a imunidade\u201d -nenhum alimento \u00e9 capaz de fazer isso sozinho, por exemplo. \u201cO que fortalece a imunidade \u00e9 um conjunto de fatores: alimenta\u00e7\u00e3o equilibrada, sono adequado, exerc\u00edcio f\u00edsico e evitar o estresse, embora na situa\u00e7\u00e3o atual o \u00faltimo item seja mais dif\u00edcil\u201d, diz a pesquisadora da USP.<\/p>\n","protected":false},"excerpt":{"rendered":"<p>Por enquanto, as tentativas de entender como ficam as defesas do organismo nas pessoas que j\u00e1 se recuperaram da Covid-19 trouxeram mais perguntas do que&hellip; <\/p>\n","protected":false},"author":2,"featured_media":167028,"comment_status":"closed","ping_status":"closed","sticky":false,"template":"","format":"standard","meta":{"sfsi_plus_gutenberg_text_before_share":"","sfsi_plus_gutenberg_show_text_before_share":"","sfsi_plus_gutenberg_icon_type":"","sfsi_plus_gutenberg_icon_alignemt":"","sfsi_plus_gutenburg_max_per_row":"","footnotes":""},"categories":[16],"tags":[],"class_list":["post-167180","post","type-post","status-publish","format-standard","has-post-thumbnail","hentry","category-saude"],"_links":{"self":[{"href":"https:\/\/www.caririemacao.com\/1\/wp-json\/wp\/v2\/posts\/167180","targetHints":{"allow":["GET"]}}],"collection":[{"href":"https:\/\/www.caririemacao.com\/1\/wp-json\/wp\/v2\/posts"}],"about":[{"href":"https:\/\/www.caririemacao.com\/1\/wp-json\/wp\/v2\/types\/post"}],"author":[{"embeddable":true,"href":"https:\/\/www.caririemacao.com\/1\/wp-json\/wp\/v2\/users\/2"}],"replies":[{"embeddable":true,"href":"https:\/\/www.caririemacao.com\/1\/wp-json\/wp\/v2\/comments?post=167180"}],"version-history":[{"count":1,"href":"https:\/\/www.caririemacao.com\/1\/wp-json\/wp\/v2\/posts\/167180\/revisions"}],"predecessor-version":[{"id":167181,"href":"https:\/\/www.caririemacao.com\/1\/wp-json\/wp\/v2\/posts\/167180\/revisions\/167181"}],"wp:featuredmedia":[{"embeddable":true,"href":"https:\/\/www.caririemacao.com\/1\/wp-json\/wp\/v2\/media\/167028"}],"wp:attachment":[{"href":"https:\/\/www.caririemacao.com\/1\/wp-json\/wp\/v2\/media?parent=167180"}],"wp:term":[{"taxonomy":"category","embeddable":true,"href":"https:\/\/www.caririemacao.com\/1\/wp-json\/wp\/v2\/categories?post=167180"},{"taxonomy":"post_tag","embeddable":true,"href":"https:\/\/www.caririemacao.com\/1\/wp-json\/wp\/v2\/tags?post=167180"}],"curies":[{"name":"wp","href":"https:\/\/api.w.org\/{rel}","templated":true}]}}