{"id":167183,"date":"2020-05-02T13:41:20","date_gmt":"2020-05-02T16:41:20","guid":{"rendered":"https:\/\/www.caririemacao.com\/1\/?p=167183"},"modified":"2020-05-02T13:41:22","modified_gmt":"2020-05-02T16:41:22","slug":"senado-tenta-votar-hoje-proposta-de-auxilio-a-estados-e-municipios","status":"publish","type":"post","link":"https:\/\/www.caririemacao.com\/1\/2020\/05\/02\/senado-tenta-votar-hoje-proposta-de-auxilio-a-estados-e-municipios\/","title":{"rendered":"Senado tenta votar hoje proposta de aux\u00edlio a estados e munic\u00edpios"},"content":{"rendered":"\n<p>O plen\u00e1rio do Senado analisa neste\u00a0s\u00e1bado\u00a0(2), em sess\u00e3o deliberativa remota, texto alternativo \u00e0 proposta de ajuda a estados e munic\u00edpios.\u00a0O Programa Federativo de Enfrentamento ao Coronav\u00edrus negociado entre parlamentares e a equipe econ\u00f4mica do governo estabelece repasse menor que a proposta j\u00e1 aprovada pela C\u00e2mara.<\/p>\n\n\n\n<p>Ser\u00e3o at\u00e9 R$ 60 bilh\u00f5es, em quatro parcelas, para que governadores e prefeitos tomem medidas nas \u00e1reas de sa\u00fade e assist\u00eancia social para a conten\u00e7\u00e3o da covid-19.<\/p>\n\n\n\n<p>Segundo o presidente do Senado, Davi Alcolumbre (DEM-AP), autor da proposta, os senadores poder\u00e3o apresentar emendas ao relat\u00f3rio at\u00e9 as 10h deste&nbsp;s\u00e1bado&nbsp;(2). O congressista apresentar\u00e1 parecer definitivo \u00e0s 15h e a aprecia\u00e7\u00e3o da proposta est\u00e1 marcada para as 16h. Esse \u00e9 o \u00fanico item da pauta de vota\u00e7\u00e3o.<img decoding=\"async\" data-src=\"https:\/\/paraibaonline.com.br\/wp-content\/uploads\/2020\/05\/CONGRESSO-SENADO-567x339.jpg\" alt=\"Foto: Marcello Casal Jr\/Ag\u00eancia Brasil\" data-srcset=\"https:\/\/paraibaonline.com.br\/wp-content\/uploads\/2020\/05\/CONGRESSO-SENADO-567x339.jpg 567w, https:\/\/paraibaonline.com.br\/wp-content\/uploads\/2020\/05\/CONGRESSO-SENADO-900x538.jpg 900w, https:\/\/paraibaonline.com.br\/wp-content\/uploads\/2020\/05\/CONGRESSO-SENADO.jpg 1170w\" src=\"data:image\/svg+xml;base64,PHN2ZyB3aWR0aD0iMSIgaGVpZ2h0PSIxIiB4bWxucz0iaHR0cDovL3d3dy53My5vcmcvMjAwMC9zdmciPjwvc3ZnPg==\" class=\"lazyload\" style=\"--smush-placeholder-width: 567px; --smush-placeholder-aspect-ratio: 567\/339;\"><\/p>\n\n\n\n<p>Foto: Marcello Casal Jr\/Ag\u00eancia Brasil<\/p>\n\n\n\n<p><strong>Proposta<\/strong><\/p>\n\n\n\n<p>Para receberem o aux\u00edlio, estados e munic\u00edpios n\u00e3o poder\u00e3o&nbsp;reajustar sal\u00e1rios&nbsp;de servidores p\u00fablicos at\u00e9&nbsp;31 de dezembro&nbsp;de 2021. Tamb\u00e9m ser\u00e1 proibido \u201cconceder a qualquer t\u00edtulo, vantagem, aumento, reajuste ou adequa\u00e7\u00e3o de remunera\u00e7\u00e3o de membros de Poder ou de \u00f3rg\u00e3o, de servidores e empregados p\u00fablicos e militares, exceto quando derivado de senten\u00e7a judicial transitada em julgado ou de determina\u00e7\u00e3o legal anterior \u00e0 calamidade p\u00fablica\u201d.<\/p>\n\n\n\n<p>A proibi\u00e7\u00e3o tamb\u00e9m envolve cria\u00e7\u00e3o de cargos, empregos e fun\u00e7\u00f5es, bem como a altera\u00e7\u00e3o de estruturas de carreira, que impliquem aumento de despesas. A admiss\u00e3o de pessoal s\u00f3 ser\u00e1 poss\u00edvel em \u201creposi\u00e7\u00e3o de cargos de chefia e de dire\u00e7\u00e3o que n\u00e3o acarretem aumento de despesa\u201d ou quando houver vac\u00e2ncia em cargos efetivos ou vital\u00edcios.<\/p>\n\n\n\n<p><strong>Divis\u00e3o de recursos<\/strong><\/p>\n\n\n\n<p>Na proposta do presidente do Senado, dos R$ 60 bilh\u00f5es previstos a estados e munic\u00edpios, R$ 10 bilh\u00f5es ser\u00e3o reservados a a\u00e7\u00f5es na \u00e1rea da sa\u00fade e assist\u00eancia social. Desse total, R$ 7 bilh\u00f5es ser\u00e3o para os estados.<\/p>\n\n\n\n<p>O crit\u00e9rio de divis\u00e3o levar\u00e1 em considera\u00e7\u00e3o a taxa de incid\u00eancia da covid-19 (60% de peso) e popula\u00e7\u00e3o (40% de peso). Os munic\u00edpios receber\u00e3o R$ 3 bilh\u00f5es. O crit\u00e9rio de distribui\u00e7\u00e3o ser\u00e1 o tamanho da popula\u00e7\u00e3o.<\/p>\n\n\n\n<p>Os R$ 50 bilh\u00f5es restantes ser\u00e3o distribu\u00eddos metade para estados e o Distrito Federal e metade para os munic\u00edpios.<\/p>\n\n\n\n<p>Al\u00e9m desse repasse, a vers\u00e3o apresentada por Alcolumbre estabelece a suspens\u00e3o do pagamento das d\u00edvidas contratadas entre Uni\u00e3o, estados, Distrito Federal e munic\u00edpios e a restrutura\u00e7\u00e3o das opera\u00e7\u00f5es de cr\u00e9dito interno e externo dos entes junto a institui\u00e7\u00f5es financeiras.<\/p>\n","protected":false},"excerpt":{"rendered":"<p>O plen\u00e1rio do Senado analisa neste\u00a0s\u00e1bado\u00a0(2), em sess\u00e3o deliberativa remota, texto alternativo \u00e0 proposta de ajuda a estados e munic\u00edpios.\u00a0O Programa Federativo de Enfrentamento ao&hellip; <\/p>\n","protected":false},"author":2,"featured_media":163182,"comment_status":"closed","ping_status":"closed","sticky":false,"template":"","format":"standard","meta":{"sfsi_plus_gutenberg_text_before_share":"","sfsi_plus_gutenberg_show_text_before_share":"","sfsi_plus_gutenberg_icon_type":"","sfsi_plus_gutenberg_icon_alignemt":"","sfsi_plus_gutenburg_max_per_row":"","footnotes":""},"categories":[11],"tags":[],"class_list":["post-167183","post","type-post","status-publish","format-standard","has-post-thumbnail","hentry","category-politica"],"_links":{"self":[{"href":"https:\/\/www.caririemacao.com\/1\/wp-json\/wp\/v2\/posts\/167183","targetHints":{"allow":["GET"]}}],"collection":[{"href":"https:\/\/www.caririemacao.com\/1\/wp-json\/wp\/v2\/posts"}],"about":[{"href":"https:\/\/www.caririemacao.com\/1\/wp-json\/wp\/v2\/types\/post"}],"author":[{"embeddable":true,"href":"https:\/\/www.caririemacao.com\/1\/wp-json\/wp\/v2\/users\/2"}],"replies":[{"embeddable":true,"href":"https:\/\/www.caririemacao.com\/1\/wp-json\/wp\/v2\/comments?post=167183"}],"version-history":[{"count":1,"href":"https:\/\/www.caririemacao.com\/1\/wp-json\/wp\/v2\/posts\/167183\/revisions"}],"predecessor-version":[{"id":167185,"href":"https:\/\/www.caririemacao.com\/1\/wp-json\/wp\/v2\/posts\/167183\/revisions\/167185"}],"wp:featuredmedia":[{"embeddable":true,"href":"https:\/\/www.caririemacao.com\/1\/wp-json\/wp\/v2\/media\/163182"}],"wp:attachment":[{"href":"https:\/\/www.caririemacao.com\/1\/wp-json\/wp\/v2\/media?parent=167183"}],"wp:term":[{"taxonomy":"category","embeddable":true,"href":"https:\/\/www.caririemacao.com\/1\/wp-json\/wp\/v2\/categories?post=167183"},{"taxonomy":"post_tag","embeddable":true,"href":"https:\/\/www.caririemacao.com\/1\/wp-json\/wp\/v2\/tags?post=167183"}],"curies":[{"name":"wp","href":"https:\/\/api.w.org\/{rel}","templated":true}]}}